{"id":8767,"date":"2024-11-29T16:33:50","date_gmt":"2024-11-29T21:33:50","guid":{"rendered":"https:\/\/movilizatorio.org\/?p=8767"},"modified":"2025-03-21T10:32:14","modified_gmt":"2025-03-21T15:32:14","slug":"casa-pa-voz-at-cop16-the-space-for-socio-environmental-causes","status":"publish","type":"post","link":"https:\/\/movilizatorio.org\/en\/casa-pa-voz-at-cop16-the-space-for-socio-environmental-causes\/","title":{"rendered":"Casa Pa&#8217; Voz at COP16: the space for socio-environmental causes"},"content":{"rendered":"\t\t<div data-elementor-type=\"wp-post\" data-elementor-id=\"8767\" class=\"elementor elementor-8767 elementor-8635\" data-elementor-post-type=\"post\">\n\t\t\t\t<div class=\"elementor-element elementor-element-43670b5d e-flex e-con-boxed e-con e-parent\" data-id=\"43670b5d\" data-element_type=\"container\">\n\t\t\t\t\t<div class=\"e-con-inner\">\n\t\t<div class=\"elementor-element elementor-element-8a2c5c4 e-con-full e-flex e-con e-child\" data-id=\"8a2c5c4\" data-element_type=\"container\">\n\t\t\t\t<div class=\"elementor-element elementor-element-9b7e162 elementor-widget elementor-widget-image\" data-id=\"9b7e162\" data-element_type=\"widget\" data-widget_type=\"image.default\">\n\t\t\t\t<div class=\"elementor-widget-container\">\n\t\t\t\t\t\t\t\t\t\t\t\t\t<img fetchpriority=\"high\" decoding=\"async\" width=\"800\" height=\"1004\" src=\"https:\/\/movilizatorio.org\/wp-content\/uploads\/2024\/11\/BANNERSFOOTER-01-816x1024.png\" class=\"attachment-large size-large wp-image-8637\" alt=\"\" srcset=\"https:\/\/movilizatorio.org\/wp-content\/uploads\/2024\/11\/BANNERSFOOTER-01-816x1024.png 816w, https:\/\/movilizatorio.org\/wp-content\/uploads\/2024\/11\/BANNERSFOOTER-01-239x300.png 239w, https:\/\/movilizatorio.org\/wp-content\/uploads\/2024\/11\/BANNERSFOOTER-01-768x964.png 768w, https:\/\/movilizatorio.org\/wp-content\/uploads\/2024\/11\/BANNERSFOOTER-01-1224x1536.png 1224w, https:\/\/movilizatorio.org\/wp-content\/uploads\/2024\/11\/BANNERSFOOTER-01.png 1600w\" sizes=\"(max-width: 800px) 100vw, 800px\" \/>\t\t\t\t\t\t\t\t\t\t\t\t\t<\/div>\n\t\t\t\t<\/div>\n\t\t\t\t<\/div>\n\t\t\t\t<div class=\"elementor-element elementor-element-1e10bd13 elementor-widget elementor-widget-text-editor\" data-id=\"1e10bd13\" data-element_type=\"widget\" data-widget_type=\"text-editor.default\">\n\t\t\t\t<div class=\"elementor-widget-container\">\n\t\t\t\t\t\t\t<p><strong>We dreamed it and made it happen.  <\/strong>Thanks to the financial support of the <span style=\"color: #0000ff;\"><a style=\"color: #0000ff;\" href=\"https:\/\/potenciaenergetica.org\/\" target=\"_blank\" rel=\"noreferrer noopener\">Energy Power Alliance<\/a> <\/span>of which the following are part   <span style=\"color: #0000ff;\"><a style=\"color: #0000ff;\" href=\"https:\/\/periodistasporelplaneta.com\/\" target=\"_blank\" rel=\"noreferrer noopener\">Journalists for  <\/a><\/span><span style=\"color: #0000ff;\"><a style=\"color: #0000ff;\" href=\"https:\/\/periodistasporelplaneta.com\/\" target=\"_blank\" rel=\"noreferrer noopener\">the<\/a> <\/span><span style=\"text-align: var(--text-align); color: #0000ff;\"><a style=\"color: #0000ff;\" href=\"https:\/\/periodistasporelplaneta.com\/\" target=\"_blank\" rel=\"noreferrer noopener\">Planet<\/a><\/span><span style=\"text-align: var(--text-align);\">,  <\/span><span style=\"text-align: var(--text-align); color: #0000ff;\"><a style=\"color: #0000ff;\" href=\"https:\/\/emerger.org\/\" target=\"_blank\" rel=\"noreferrer noopener\">Emerger<\/a><\/span><span style=\"text-align: var(--text-align);\">,  <\/span><span style=\"text-align: var(--text-align); color: #0000ff;\"><a style=\"color: #0000ff;\" href=\"https:\/\/transforma.global\/\" target=\"_blank\" rel=\"noreferrer noopener\">Transforma<\/a><\/span><span style=\"text-align: var(--text-align);\">,  <\/span><span style=\"text-align: var(--text-align); color: #0000ff;\"><a style=\"color: #0000ff;\" href=\"https:\/\/www.artyc.cl\/\" target=\"_blank\" rel=\"noreferrer noopener\">Artyc<\/a> <\/span><span style=\"text-align: var(--text-align);\">y  <\/span><a style=\"text-align: var(--text-align); background-color: #ffffff;\" href=\"https:\/\/movilizatorio.org\/en\/\" target=\"_blank\" rel=\"noreferrer noopener\"><span style=\"color: #0000ff;\">Movilizatorio<\/span><\/a><span style=\"text-align: var(--text-align);\">,  <\/span><span style=\"text-align: var(--text-align);\">Casa Pa&#8217; Voz blossomed as a space where collective action and citizen power could be<\/span><span style=\"text-align: var(--text-align);\">came together to connect causes that promote socio-environmental justice on a global level. It was a diverse oasis and a reference in the heart of the Green Zone dedicated to relaxation, meeting and dreaming the future. <\/span><\/p>\n<p>Casa Pa&#8217; Voz was born in response to the need to create an accessible and representative space in the context of COP16, an international event marked by economic barriers and a technical language that hinders inclusive participation. In this scenario, Casa Pa&#8217; Voz became a meeting point to amplify stories, foster collaboration between movements and articulate the voices of indigenous peoples, local communities and afro leadership. A place where we were able to build bridges between actors and decision makers, strengthening the struggle for environmental justice from a diverse and collective perspective.  <span style=\"text-align: var(--text-align);\"> <\/span><\/p>\n\t\t\t\t\t\t<\/div>\n\t\t\t\t<\/div>\n\t\t\t\t<div class=\"elementor-element elementor-element-8e62b68 elementor-widget elementor-widget-image\" data-id=\"8e62b68\" data-element_type=\"widget\" data-widget_type=\"image.default\">\n\t\t\t\t<div class=\"elementor-widget-container\">\n\t\t\t\t\t\t\t\t\t\t\t\t\t<img decoding=\"async\" width=\"800\" height=\"108\" src=\"https:\/\/movilizatorio.org\/wp-content\/uploads\/2024\/11\/BANNERSFOOTER-02-1024x138.png\" class=\"attachment-large size-large wp-image-8639\" alt=\"\" srcset=\"https:\/\/movilizatorio.org\/wp-content\/uploads\/2024\/11\/BANNERSFOOTER-02-1024x138.png 1024w, https:\/\/movilizatorio.org\/wp-content\/uploads\/2024\/11\/BANNERSFOOTER-02-300x40.png 300w, https:\/\/movilizatorio.org\/wp-content\/uploads\/2024\/11\/BANNERSFOOTER-02-768x103.png 768w, https:\/\/movilizatorio.org\/wp-content\/uploads\/2024\/11\/BANNERSFOOTER-02-1536x206.png 1536w, https:\/\/movilizatorio.org\/wp-content\/uploads\/2024\/11\/BANNERSFOOTER-02.png 1600w\" sizes=\"(max-width: 800px) 100vw, 800px\" \/>\t\t\t\t\t\t\t\t\t\t\t\t\t<\/div>\n\t\t\t\t<\/div>\n\t\t\t\t<div class=\"elementor-element elementor-element-df99f64 elementor-widget elementor-widget-text-editor\" data-id=\"df99f64\" data-element_type=\"widget\" data-widget_type=\"text-editor.default\">\n\t\t\t\t<div class=\"elementor-widget-container\">\n\t\t\t\t\t\t\t<p>During the two weeks of COP16 we had 75 events attended by more than 3,000 people, in addition to the thousands of others who came by the house to relax, connect, see the exhibits, and enjoy the COP16.<span style=\"font-family: var( --e-global-typography-text-font-family ), Sans-serif; font-size: var( --e-global-typography-text-font-size ); font-weight: var( --e-global-typography-text-font-weight ); text-align: var(--text-align);\">to have a coffee or just to get to know the space. In addition, 30 events were held for organizations that could not afford them and were made possible thanks to the support of partner organizations that joined our dream. <\/span><\/p>\n\t\t\t\t\t\t<\/div>\n\t\t\t\t<\/div>\n\t\t\t\t<div class=\"elementor-element elementor-element-aa5033d elementor-widget elementor-widget-image\" data-id=\"aa5033d\" data-element_type=\"widget\" data-widget_type=\"image.default\">\n\t\t\t\t<div class=\"elementor-widget-container\">\n\t\t\t\t\t\t\t\t\t\t\t\t\t<img decoding=\"async\" width=\"800\" height=\"148\" src=\"https:\/\/movilizatorio.org\/wp-content\/uploads\/2024\/11\/BANNERSFOOTER-03-1024x189.png\" class=\"attachment-large size-large wp-image-8641\" alt=\"\" srcset=\"https:\/\/movilizatorio.org\/wp-content\/uploads\/2024\/11\/BANNERSFOOTER-03-1024x189.png 1024w, https:\/\/movilizatorio.org\/wp-content\/uploads\/2024\/11\/BANNERSFOOTER-03-300x55.png 300w, https:\/\/movilizatorio.org\/wp-content\/uploads\/2024\/11\/BANNERSFOOTER-03-768x142.png 768w, https:\/\/movilizatorio.org\/wp-content\/uploads\/2024\/11\/BANNERSFOOTER-03-1536x283.png 1536w, https:\/\/movilizatorio.org\/wp-content\/uploads\/2024\/11\/BANNERSFOOTER-03.png 1600w\" sizes=\"(max-width: 800px) 100vw, 800px\" \/>\t\t\t\t\t\t\t\t\t\t\t\t\t<\/div>\n\t\t\t\t<\/div>\n\t\t\t\t<div class=\"elementor-element elementor-element-c674630 elementor-widget elementor-widget-image\" data-id=\"c674630\" data-element_type=\"widget\" data-widget_type=\"image.default\">\n\t\t\t\t<div class=\"elementor-widget-container\">\n\t\t\t\t\t\t\t\t\t\t\t\t\t<img loading=\"lazy\" decoding=\"async\" width=\"790\" height=\"1024\" src=\"https:\/\/movilizatorio.org\/wp-content\/uploads\/2024\/11\/INFOGRAFIA-ENG-1-790x1024.png\" class=\"attachment-large size-large wp-image-8661\" alt=\"\" srcset=\"https:\/\/movilizatorio.org\/wp-content\/uploads\/2024\/11\/INFOGRAFIA-ENG-1-790x1024.png 790w, https:\/\/movilizatorio.org\/wp-content\/uploads\/2024\/11\/INFOGRAFIA-ENG-1-232x300.png 232w, https:\/\/movilizatorio.org\/wp-content\/uploads\/2024\/11\/INFOGRAFIA-ENG-1-768x995.png 768w, https:\/\/movilizatorio.org\/wp-content\/uploads\/2024\/11\/INFOGRAFIA-ENG-1-1186x1536.png 1186w, https:\/\/movilizatorio.org\/wp-content\/uploads\/2024\/11\/INFOGRAFIA-ENG-1-1581x2048.png 1581w, https:\/\/movilizatorio.org\/wp-content\/uploads\/2024\/11\/INFOGRAFIA-ENG-1.png 1600w\" sizes=\"(max-width: 790px) 100vw, 790px\" \/>\t\t\t\t\t\t\t\t\t\t\t\t\t<\/div>\n\t\t\t\t<\/div>\n\t\t<div class=\"elementor-element elementor-element-5912b69 e-grid e-con-full e-con e-child\" data-id=\"5912b69\" data-element_type=\"container\">\n\t\t\t\t<div class=\"elementor-element elementor-element-5607e48 elementor-widget elementor-widget-image\" data-id=\"5607e48\" data-element_type=\"widget\" data-widget_type=\"image.default\">\n\t\t\t\t<div class=\"elementor-widget-container\">\n\t\t\t\t\t\t\t\t\t\t\t\t\t<img loading=\"lazy\" decoding=\"async\" width=\"800\" height=\"534\" src=\"https:\/\/movilizatorio.org\/wp-content\/uploads\/2024\/11\/IMG_6165-1024x683.jpg\" class=\"attachment-large size-large wp-image-8649\" alt=\"\" srcset=\"https:\/\/movilizatorio.org\/wp-content\/uploads\/2024\/11\/IMG_6165-1024x683.jpg 1024w, https:\/\/movilizatorio.org\/wp-content\/uploads\/2024\/11\/IMG_6165-300x200.jpg 300w, https:\/\/movilizatorio.org\/wp-content\/uploads\/2024\/11\/IMG_6165-768x512.jpg 768w, https:\/\/movilizatorio.org\/wp-content\/uploads\/2024\/11\/IMG_6165-1536x1024.jpg 1536w, https:\/\/movilizatorio.org\/wp-content\/uploads\/2024\/11\/IMG_6165-2048x1365.jpg 2048w\" sizes=\"(max-width: 800px) 100vw, 800px\" \/>\t\t\t\t\t\t\t\t\t\t\t\t\t<\/div>\n\t\t\t\t<\/div>\n\t\t\t\t<div class=\"elementor-element elementor-element-a1e5555 elementor-widget elementor-widget-image\" data-id=\"a1e5555\" data-element_type=\"widget\" data-widget_type=\"image.default\">\n\t\t\t\t<div class=\"elementor-widget-container\">\n\t\t\t\t\t\t\t\t\t\t\t\t\t<img loading=\"lazy\" decoding=\"async\" width=\"800\" height=\"534\" src=\"https:\/\/movilizatorio.org\/wp-content\/uploads\/2024\/11\/IMG_9744-1024x683.jpg\" class=\"attachment-large size-large wp-image-8647\" alt=\"\" srcset=\"https:\/\/movilizatorio.org\/wp-content\/uploads\/2024\/11\/IMG_9744-1024x683.jpg 1024w, https:\/\/movilizatorio.org\/wp-content\/uploads\/2024\/11\/IMG_9744-300x200.jpg 300w, https:\/\/movilizatorio.org\/wp-content\/uploads\/2024\/11\/IMG_9744-768x512.jpg 768w, https:\/\/movilizatorio.org\/wp-content\/uploads\/2024\/11\/IMG_9744-1536x1024.jpg 1536w, https:\/\/movilizatorio.org\/wp-content\/uploads\/2024\/11\/IMG_9744-2048x1365.jpg 2048w\" sizes=\"(max-width: 800px) 100vw, 800px\" \/>\t\t\t\t\t\t\t\t\t\t\t\t\t<\/div>\n\t\t\t\t<\/div>\n\t\t\t\t<div class=\"elementor-element elementor-element-dd64785 elementor-widget elementor-widget-image\" data-id=\"dd64785\" data-element_type=\"widget\" data-widget_type=\"image.default\">\n\t\t\t\t<div class=\"elementor-widget-container\">\n\t\t\t\t\t\t\t\t\t\t\t\t\t<img loading=\"lazy\" decoding=\"async\" width=\"800\" height=\"534\" src=\"https:\/\/movilizatorio.org\/wp-content\/uploads\/2024\/11\/IMG_3199-1024x683.jpg\" class=\"attachment-large size-large wp-image-8651\" alt=\"\" srcset=\"https:\/\/movilizatorio.org\/wp-content\/uploads\/2024\/11\/IMG_3199-1024x683.jpg 1024w, https:\/\/movilizatorio.org\/wp-content\/uploads\/2024\/11\/IMG_3199-300x200.jpg 300w, https:\/\/movilizatorio.org\/wp-content\/uploads\/2024\/11\/IMG_3199-768x512.jpg 768w, https:\/\/movilizatorio.org\/wp-content\/uploads\/2024\/11\/IMG_3199-1536x1024.jpg 1536w, https:\/\/movilizatorio.org\/wp-content\/uploads\/2024\/11\/IMG_3199.jpg 2048w\" sizes=\"(max-width: 800px) 100vw, 800px\" \/>\t\t\t\t\t\t\t\t\t\t\t\t\t<\/div>\n\t\t\t\t<\/div>\n\t\t\t\t<div class=\"elementor-element elementor-element-e423b13 elementor-widget elementor-widget-image\" data-id=\"e423b13\" data-element_type=\"widget\" data-widget_type=\"image.default\">\n\t\t\t\t<div class=\"elementor-widget-container\">\n\t\t\t\t\t\t\t\t\t\t\t\t\t<img loading=\"lazy\" decoding=\"async\" width=\"800\" height=\"534\" src=\"https:\/\/movilizatorio.org\/wp-content\/uploads\/2024\/11\/IMG_7740-1024x683.jpg\" class=\"attachment-large size-large wp-image-8645\" alt=\"\" srcset=\"https:\/\/movilizatorio.org\/wp-content\/uploads\/2024\/11\/IMG_7740-1024x683.jpg 1024w, https:\/\/movilizatorio.org\/wp-content\/uploads\/2024\/11\/IMG_7740-300x200.jpg 300w, https:\/\/movilizatorio.org\/wp-content\/uploads\/2024\/11\/IMG_7740-768x512.jpg 768w, https:\/\/movilizatorio.org\/wp-content\/uploads\/2024\/11\/IMG_7740-1536x1024.jpg 1536w, https:\/\/movilizatorio.org\/wp-content\/uploads\/2024\/11\/IMG_7740.jpg 2048w\" sizes=\"(max-width: 800px) 100vw, 800px\" \/>\t\t\t\t\t\t\t\t\t\t\t\t\t<\/div>\n\t\t\t\t<\/div>\n\t\t\t\t<\/div>\n\t\t\t\t\t<\/div>\n\t\t\t\t<\/div>\n\t\t<div class=\"elementor-element elementor-element-7005213 e-flex e-con-boxed e-con e-parent\" data-id=\"7005213\" data-element_type=\"container\">\n\t\t\t\t\t<div class=\"e-con-inner\">\n\t\t\t\t<div class=\"elementor-element elementor-element-fdc02f5 elementor-widget elementor-widget-image\" data-id=\"fdc02f5\" data-element_type=\"widget\" data-widget_type=\"image.default\">\n\t\t\t\t<div class=\"elementor-widget-container\">\n\t\t\t\t\t\t\t\t\t\t\t\t\t<img loading=\"lazy\" decoding=\"async\" width=\"800\" height=\"159\" src=\"https:\/\/movilizatorio.org\/wp-content\/uploads\/2024\/11\/BANNERSFOOTER-04-1-1024x203.png\" class=\"attachment-large size-large wp-image-8672\" alt=\"\" srcset=\"https:\/\/movilizatorio.org\/wp-content\/uploads\/2024\/11\/BANNERSFOOTER-04-1-1024x203.png 1024w, https:\/\/movilizatorio.org\/wp-content\/uploads\/2024\/11\/BANNERSFOOTER-04-1-300x59.png 300w, https:\/\/movilizatorio.org\/wp-content\/uploads\/2024\/11\/BANNERSFOOTER-04-1-768x152.png 768w, https:\/\/movilizatorio.org\/wp-content\/uploads\/2024\/11\/BANNERSFOOTER-04-1-1536x304.png 1536w, https:\/\/movilizatorio.org\/wp-content\/uploads\/2024\/11\/BANNERSFOOTER-04-1.png 1600w\" sizes=\"(max-width: 800px) 100vw, 800px\" \/>\t\t\t\t\t\t\t\t\t\t\t\t\t<\/div>\n\t\t\t\t<\/div>\n\t\t\t\t\t<\/div>\n\t\t\t\t<\/div>\n\t\t<div class=\"elementor-element elementor-element-17d1541 e-flex e-con-boxed e-con e-parent\" data-id=\"17d1541\" data-element_type=\"container\">\n\t\t\t\t\t<div class=\"e-con-inner\">\n\t\t\t\t<div class=\"elementor-element elementor-element-0b9361f elementor-widget elementor-widget-text-editor\" data-id=\"0b9361f\" data-element_type=\"widget\" data-widget_type=\"text-editor.default\">\n\t\t\t\t<div class=\"elementor-widget-container\">\n\t\t\t\t\t\t\t<p>Through the M\u00e9tele Pedal project we joined with bicycle organizations and activists for sustainable mobility, biodiversity conservation and energy transition in Colombia. We had different activities such as: <\/p>\n\t\t\t\t\t\t<\/div>\n\t\t\t\t<\/div>\n\t\t\t\t\t<\/div>\n\t\t\t\t<\/div>\n\t\t<div class=\"elementor-element elementor-element-d5beb89 e-flex e-con-boxed e-con e-parent\" data-id=\"d5beb89\" data-element_type=\"container\">\n\t\t\t\t\t<div class=\"e-con-inner\">\n\t\t\t\t<div class=\"elementor-element elementor-element-46010df elementor-widget elementor-widget-gallery\" data-id=\"46010df\" data-element_type=\"widget\" data-settings=\"{&quot;columns&quot;:3,&quot;gap&quot;:{&quot;unit&quot;:&quot;px&quot;,&quot;size&quot;:5,&quot;sizes&quot;:[]},&quot;lazyload&quot;:&quot;yes&quot;,&quot;gallery_layout&quot;:&quot;grid&quot;,&quot;columns_tablet&quot;:2,&quot;columns_mobile&quot;:1,&quot;gap_tablet&quot;:{&quot;unit&quot;:&quot;px&quot;,&quot;size&quot;:10,&quot;sizes&quot;:[]},&quot;gap_mobile&quot;:{&quot;unit&quot;:&quot;px&quot;,&quot;size&quot;:10,&quot;sizes&quot;:[]},&quot;link_to&quot;:&quot;file&quot;,&quot;aspect_ratio&quot;:&quot;3:2&quot;,&quot;overlay_background&quot;:&quot;yes&quot;,&quot;content_hover_animation&quot;:&quot;fade-in&quot;}\" data-widget_type=\"gallery.default\">\n\t\t\t\t<div class=\"elementor-widget-container\">\n\t\t\t\t\t<div class=\"elementor-gallery__container\">\n\t\t\t\t\t\t\t<a class=\"e-gallery-item elementor-gallery-item elementor-animated-content\" href=\"https:\/\/movilizatorio.org\/wp-content\/uploads\/2024\/11\/IMG_3245.jpg\" data-elementor-open-lightbox=\"yes\" data-elementor-lightbox-slideshow=\"46010df\" data-e-action-hash=\"#elementor-action%3Aaction%3Dlightbox%26settings%3DeyJpZCI6ODY2OCwidXJsIjoiaHR0cHM6XC9cL21vdmlsaXphdG9yaW8ub3JnXC93cC1jb250ZW50XC91cGxvYWRzXC8yMDI0XC8xMVwvSU1HXzMyNDUuanBnIiwic2xpZGVzaG93IjoiNDYwMTBkZiJ9\">\n\t\t\t\t\t<div class=\"e-gallery-image elementor-gallery-item__image\" data-thumbnail=\"https:\/\/movilizatorio.org\/wp-content\/uploads\/2024\/11\/IMG_3245-300x200.jpg\" data-width=\"300\" data-height=\"200\" aria-label=\"\" role=\"img\" ><\/div>\n\t\t\t\t\t\t\t\t\t\t\t<div class=\"elementor-gallery-item__overlay\"><\/div>\n\t\t\t\t\t\t\t\t\t\t\t\t\t\t<\/a>\n\t\t\t\t\t\t\t<a class=\"e-gallery-item elementor-gallery-item elementor-animated-content\" href=\"https:\/\/movilizatorio.org\/wp-content\/uploads\/2024\/11\/IMG_7079-scaled.jpg\" data-elementor-open-lightbox=\"yes\" data-elementor-lightbox-slideshow=\"46010df\" data-e-action-hash=\"#elementor-action%3Aaction%3Dlightbox%26settings%3DeyJpZCI6ODY3MCwidXJsIjoiaHR0cHM6XC9cL21vdmlsaXphdG9yaW8ub3JnXC93cC1jb250ZW50XC91cGxvYWRzXC8yMDI0XC8xMVwvSU1HXzcwNzktc2NhbGVkLmpwZyIsInNsaWRlc2hvdyI6IjQ2MDEwZGYifQ%3D%3D\">\n\t\t\t\t\t<div class=\"e-gallery-image elementor-gallery-item__image\" data-thumbnail=\"https:\/\/movilizatorio.org\/wp-content\/uploads\/2024\/11\/IMG_7079-300x200.jpg\" data-width=\"300\" data-height=\"200\" aria-label=\"\" role=\"img\" ><\/div>\n\t\t\t\t\t\t\t\t\t\t\t<div class=\"elementor-gallery-item__overlay\"><\/div>\n\t\t\t\t\t\t\t\t\t\t\t\t\t\t<\/a>\n\t\t\t\t\t\t\t<a class=\"e-gallery-item elementor-gallery-item elementor-animated-content\" href=\"https:\/\/movilizatorio.org\/wp-content\/uploads\/2024\/11\/IMG_9961-edited-1.jpg\" data-elementor-open-lightbox=\"yes\" data-elementor-lightbox-slideshow=\"46010df\" data-e-action-hash=\"#elementor-action%3Aaction%3Dlightbox%26settings%3DeyJpZCI6ODY3OCwidXJsIjoiaHR0cHM6XC9cL21vdmlsaXphdG9yaW8ub3JnXC93cC1jb250ZW50XC91cGxvYWRzXC8yMDI0XC8xMVwvSU1HXzk5NjEtZWRpdGVkLTEuanBnIiwic2xpZGVzaG93IjoiNDYwMTBkZiJ9\">\n\t\t\t\t\t<div class=\"e-gallery-image elementor-gallery-item__image\" data-thumbnail=\"https:\/\/movilizatorio.org\/wp-content\/uploads\/2024\/11\/IMG_9961-edited-1-300x200.jpg\" data-width=\"300\" data-height=\"200\" aria-label=\"\" role=\"img\" ><\/div>\n\t\t\t\t\t\t\t\t\t\t\t<div class=\"elementor-gallery-item__overlay\"><\/div>\n\t\t\t\t\t\t\t\t\t\t\t\t\t\t<\/a>\n\t\t\t\t\t<\/div>\n\t\t\t<\/div>\n\t\t\t\t<\/div>\n\t\t\t\t\t<\/div>\n\t\t\t\t<\/div>\n\t\t<div class=\"elementor-element elementor-element-a1277a6 e-flex e-con-boxed e-con e-parent\" data-id=\"a1277a6\" data-element_type=\"container\">\n\t\t\t\t\t<div class=\"e-con-inner\">\n\t\t\t\t<div class=\"elementor-element elementor-element-c2e840d elementor-widget elementor-widget-text-editor\" data-id=\"c2e840d\" data-element_type=\"widget\" data-widget_type=\"text-editor.default\">\n\t\t\t\t<div class=\"elementor-widget-container\">\n\t\t\t\t\t\t\t<p>Pre Borondo, a space for creation and environmental awareness made with KEF Ecofeminist Community.<\/p>\n<p> <\/p>\n<p>Borondo por las Aves y Las<br>Mariposas, a bike mobilization in conjunction with citizens and various allies.<\/p>\n<p> <\/p>\n<p>Bici Traves\u00eda: From Bogota to Cali promoting cycling with Arte-Mot, for visibility and commitment to active mobility.<\/p>\n<p> <\/p>\t\t\t\t\t\t<\/div>\n\t\t\t\t<\/div>\n\t\t\t\t\t<\/div>\n\t\t\t\t<\/div>\n\t\t<div class=\"elementor-element elementor-element-ced7824 e-flex e-con-boxed e-con e-parent\" data-id=\"ced7824\" data-element_type=\"container\">\n\t\t\t\t\t<div class=\"e-con-inner\">\n\t\t\t\t<div class=\"elementor-element elementor-element-12eb09d elementor-widget elementor-widget-text-editor\" data-id=\"12eb09d\" data-element_type=\"widget\" data-widget_type=\"text-editor.default\">\n\t\t\t\t<div class=\"elementor-widget-container\">\n\t\t\t\t\t\t\t<div class=\"wp-block-columns\">\n<div class=\"wp-block-column\">\n<p>The A Seat At The Table project accompanied the Indigenous Women&#8217;s Network for the Defense of the Sea, who participated in six panels during the summit. These addressed issues such as the governance of the seas, the conservation of biodiversity from the native cosmovision, the fulfillment of the 30&#215;30 goal and the guarantee of rights for native peoples and women. In addition, its participation was highlighted in more than 18 local, national and international media outlets.  <\/p>\n<\/div>\n<\/div>\t\t\t\t\t\t<\/div>\n\t\t\t\t<\/div>\n\t\t\t\t\t<\/div>\n\t\t\t\t<\/div>\n\t\t<div class=\"elementor-element elementor-element-c5ab363 e-flex e-con-boxed e-con e-parent\" data-id=\"c5ab363\" data-element_type=\"container\">\n\t\t\t\t\t<div class=\"e-con-inner\">\n\t\t\t\t<div class=\"elementor-element elementor-element-3515bdc elementor-widget elementor-widget-image\" data-id=\"3515bdc\" data-element_type=\"widget\" data-widget_type=\"image.default\">\n\t\t\t\t<div class=\"elementor-widget-container\">\n\t\t\t\t\t\t\t\t\t\t\t\t\t<img loading=\"lazy\" decoding=\"async\" width=\"800\" height=\"403\" src=\"https:\/\/movilizatorio.org\/wp-content\/uploads\/2024\/11\/PROPUESTA-FOTOS-01-1024x516.png\" class=\"attachment-large size-large wp-image-8680\" alt=\"\" srcset=\"https:\/\/movilizatorio.org\/wp-content\/uploads\/2024\/11\/PROPUESTA-FOTOS-01-1024x516.png 1024w, https:\/\/movilizatorio.org\/wp-content\/uploads\/2024\/11\/PROPUESTA-FOTOS-01-300x151.png 300w, https:\/\/movilizatorio.org\/wp-content\/uploads\/2024\/11\/PROPUESTA-FOTOS-01-768x387.png 768w, https:\/\/movilizatorio.org\/wp-content\/uploads\/2024\/11\/PROPUESTA-FOTOS-01-1536x775.png 1536w, https:\/\/movilizatorio.org\/wp-content\/uploads\/2024\/11\/PROPUESTA-FOTOS-01.png 1600w\" sizes=\"(max-width: 800px) 100vw, 800px\" \/>\t\t\t\t\t\t\t\t\t\t\t\t\t<\/div>\n\t\t\t\t<\/div>\n\t\t\t\t\t<\/div>\n\t\t\t\t<\/div>\n\t\t<div class=\"elementor-element elementor-element-4bc3577 e-flex e-con-boxed e-con e-parent\" data-id=\"4bc3577\" data-element_type=\"container\">\n\t\t\t\t\t<div class=\"e-con-inner\">\n\t\t\t\t<div class=\"elementor-element elementor-element-257d80b elementor-widget elementor-widget-text-editor\" data-id=\"257d80b\" data-element_type=\"widget\" data-widget_type=\"text-editor.default\">\n\t\t\t\t<div class=\"elementor-widget-container\">\n\t\t\t\t\t\t\t<p>mETamorphosis positioned itself as a catalyst in the promotion of the energy transition in Colombia and the region, and brought together ambassadors, decision makers, activists, academics and artists to talk about a transition that includes people and communities.<\/p>\n\t\t\t\t\t\t<\/div>\n\t\t\t\t<\/div>\n\t\t\t\t\t<\/div>\n\t\t\t\t<\/div>\n\t\t<div class=\"elementor-element elementor-element-09bc04c e-flex e-con-boxed e-con e-parent\" data-id=\"09bc04c\" data-element_type=\"container\">\n\t\t\t\t\t<div class=\"e-con-inner\">\n\t\t\t\t<div class=\"elementor-element elementor-element-81fb255 elementor-widget elementor-widget-image\" data-id=\"81fb255\" data-element_type=\"widget\" data-widget_type=\"image.default\">\n\t\t\t\t<div class=\"elementor-widget-container\">\n\t\t\t\t\t\t\t\t\t\t\t\t\t<img loading=\"lazy\" decoding=\"async\" width=\"800\" height=\"403\" src=\"https:\/\/movilizatorio.org\/wp-content\/uploads\/2024\/11\/PROPUESTA-FOTOS-02-1024x516.png\" class=\"attachment-large size-large wp-image-8682\" alt=\"\" srcset=\"https:\/\/movilizatorio.org\/wp-content\/uploads\/2024\/11\/PROPUESTA-FOTOS-02-1024x516.png 1024w, https:\/\/movilizatorio.org\/wp-content\/uploads\/2024\/11\/PROPUESTA-FOTOS-02-300x151.png 300w, https:\/\/movilizatorio.org\/wp-content\/uploads\/2024\/11\/PROPUESTA-FOTOS-02-768x387.png 768w, https:\/\/movilizatorio.org\/wp-content\/uploads\/2024\/11\/PROPUESTA-FOTOS-02-1536x775.png 1536w, https:\/\/movilizatorio.org\/wp-content\/uploads\/2024\/11\/PROPUESTA-FOTOS-02.png 1600w\" sizes=\"(max-width: 800px) 100vw, 800px\" \/>\t\t\t\t\t\t\t\t\t\t\t\t\t<\/div>\n\t\t\t\t<\/div>\n\t\t\t\t\t<\/div>\n\t\t\t\t<\/div>\n\t\t<div class=\"elementor-element elementor-element-1ca29fa e-flex e-con-boxed e-con e-parent\" data-id=\"1ca29fa\" data-element_type=\"container\">\n\t\t\t\t\t<div class=\"e-con-inner\">\n\t\t\t\t<div class=\"elementor-element elementor-element-2393d2e elementor-widget elementor-widget-text-editor\" data-id=\"2393d2e\" data-element_type=\"widget\" data-widget_type=\"text-editor.default\">\n\t\t\t\t<div class=\"elementor-widget-container\">\n\t\t\t\t\t\t\t<p style=\"text-align: left;\">The Guardians of Tomorrow demonstrated that art, peaceful demonstrations and the exchange of their voice and wisdom are powerful tools for effective advocacy in various spaces of debate and decision-making. An example of this was the event &#8220;From the forests to the coasts,&#8221; in which around 40 environmental leaders from indigenous, Afro-descendant and local communities shared experiences, established connections and strengthened solidarity among their causes. <\/p>\n\t\t\t\t\t\t<\/div>\n\t\t\t\t<\/div>\n\t\t\t\t\t<\/div>\n\t\t\t\t<\/div>\n\t\t<div class=\"elementor-element elementor-element-191f724 e-flex e-con-boxed e-con e-parent\" data-id=\"191f724\" data-element_type=\"container\">\n\t\t\t\t\t<div class=\"e-con-inner\">\n\t\t\t\t<div class=\"elementor-element elementor-element-0085107 elementor-widget elementor-widget-image\" data-id=\"0085107\" data-element_type=\"widget\" data-widget_type=\"image.default\">\n\t\t\t\t<div class=\"elementor-widget-container\">\n\t\t\t\t\t\t\t\t\t\t\t\t\t<img loading=\"lazy\" decoding=\"async\" width=\"800\" height=\"377\" src=\"https:\/\/movilizatorio.org\/wp-content\/uploads\/2024\/11\/PROPUESTA-FOTOS-03-1024x483.png\" class=\"attachment-large size-large wp-image-8684\" alt=\"\" srcset=\"https:\/\/movilizatorio.org\/wp-content\/uploads\/2024\/11\/PROPUESTA-FOTOS-03-1024x483.png 1024w, https:\/\/movilizatorio.org\/wp-content\/uploads\/2024\/11\/PROPUESTA-FOTOS-03-300x141.png 300w, https:\/\/movilizatorio.org\/wp-content\/uploads\/2024\/11\/PROPUESTA-FOTOS-03-768x362.png 768w, https:\/\/movilizatorio.org\/wp-content\/uploads\/2024\/11\/PROPUESTA-FOTOS-03-1536x724.png 1536w, https:\/\/movilizatorio.org\/wp-content\/uploads\/2024\/11\/PROPUESTA-FOTOS-03.png 1600w\" sizes=\"(max-width: 800px) 100vw, 800px\" \/>\t\t\t\t\t\t\t\t\t\t\t\t\t<\/div>\n\t\t\t\t<\/div>\n\t\t\t\t\t<\/div>\n\t\t\t\t<\/div>\n\t\t<div class=\"elementor-element elementor-element-4f263ca e-flex e-con-boxed e-con e-parent\" data-id=\"4f263ca\" data-element_type=\"container\">\n\t\t\t\t\t<div class=\"e-con-inner\">\n\t\t\t\t<div class=\"elementor-element elementor-element-8b87758 elementor-widget elementor-widget-text-editor\" data-id=\"8b87758\" data-element_type=\"widget\" data-widget_type=\"text-editor.default\">\n\t\t\t\t<div class=\"elementor-widget-container\">\n\t\t\t\t\t\t\t<p>The youth leaders of Incidir para Existir, with a delegation of 10 young people from Bogota and Cali, came together to raise their voices in defense of those who risk their lives to protect nature. They shared experiences of people threatened for their activism and expressed their demands to decision makers. In addition, socio-environmental leader Yuvelis Morales shared her trajectory and the dangers she has faced in her struggle to defend her territory from fracking and hydrocarbon exploitation.  <\/p>\n\t\t\t\t\t\t<\/div>\n\t\t\t\t<\/div>\n\t\t\t\t\t<\/div>\n\t\t\t\t<\/div>\n\t\t<div class=\"elementor-element elementor-element-baa53cf e-flex e-con-boxed e-con e-parent\" data-id=\"baa53cf\" data-element_type=\"container\">\n\t\t\t\t\t<div class=\"e-con-inner\">\n\t\t\t\t<div class=\"elementor-element elementor-element-ff3ced9 elementor-widget elementor-widget-image\" data-id=\"ff3ced9\" data-element_type=\"widget\" data-widget_type=\"image.default\">\n\t\t\t\t<div class=\"elementor-widget-container\">\n\t\t\t\t\t\t\t\t\t\t\t\t\t<img loading=\"lazy\" decoding=\"async\" width=\"800\" height=\"377\" src=\"https:\/\/movilizatorio.org\/wp-content\/uploads\/2024\/11\/PROPUESTA-FOTOS-04-1024x483.png\" class=\"attachment-large size-large wp-image-8686\" alt=\"\" srcset=\"https:\/\/movilizatorio.org\/wp-content\/uploads\/2024\/11\/PROPUESTA-FOTOS-04-1024x483.png 1024w, https:\/\/movilizatorio.org\/wp-content\/uploads\/2024\/11\/PROPUESTA-FOTOS-04-300x141.png 300w, https:\/\/movilizatorio.org\/wp-content\/uploads\/2024\/11\/PROPUESTA-FOTOS-04-768x362.png 768w, https:\/\/movilizatorio.org\/wp-content\/uploads\/2024\/11\/PROPUESTA-FOTOS-04-1536x724.png 1536w, https:\/\/movilizatorio.org\/wp-content\/uploads\/2024\/11\/PROPUESTA-FOTOS-04.png 1600w\" sizes=\"(max-width: 800px) 100vw, 800px\" \/>\t\t\t\t\t\t\t\t\t\t\t\t\t<\/div>\n\t\t\t\t<\/div>\n\t\t\t\t\t<\/div>\n\t\t\t\t<\/div>\n\t\t<div class=\"elementor-element elementor-element-049e5a2 e-flex e-con-boxed e-con e-parent\" data-id=\"049e5a2\" data-element_type=\"container\">\n\t\t\t\t\t<div class=\"e-con-inner\">\n\t\t\t\t<div class=\"elementor-element elementor-element-8e90e9f elementor-widget elementor-widget-text-editor\" data-id=\"8e90e9f\" data-element_type=\"widget\" data-widget_type=\"text-editor.default\">\n\t\t\t\t<div class=\"elementor-widget-container\">\n\t\t\t\t\t\t\t<p>20 grassroots organizations formed Rumbo Verde. The defense of their territories and the ecosystem, waste management, responsible fishing, eco-design and ecological restoration are some of the causes that bring them together. These organizations received training in diplomacy and, as a result, developed environmental impact indicators aligned with the goals of the 2030 Agenda, agreed in Kunming-Montreal.  <\/p>\n\t\t\t\t\t\t<\/div>\n\t\t\t\t<\/div>\n\t\t\t\t\t<\/div>\n\t\t\t\t<\/div>\n\t\t<div class=\"elementor-element elementor-element-b591ac7 e-flex e-con-boxed e-con e-parent\" data-id=\"b591ac7\" data-element_type=\"container\">\n\t\t\t\t\t<div class=\"e-con-inner\">\n\t\t\t\t<div class=\"elementor-element elementor-element-dd727dc elementor-widget elementor-widget-image\" data-id=\"dd727dc\" data-element_type=\"widget\" data-widget_type=\"image.default\">\n\t\t\t\t<div class=\"elementor-widget-container\">\n\t\t\t\t\t\t\t\t\t\t\t\t\t<img loading=\"lazy\" decoding=\"async\" width=\"800\" height=\"377\" src=\"https:\/\/movilizatorio.org\/wp-content\/uploads\/2024\/11\/PROPUESTA-FOTOS-05-1024x483.png\" class=\"attachment-large size-large wp-image-8688\" alt=\"\" srcset=\"https:\/\/movilizatorio.org\/wp-content\/uploads\/2024\/11\/PROPUESTA-FOTOS-05-1024x483.png 1024w, https:\/\/movilizatorio.org\/wp-content\/uploads\/2024\/11\/PROPUESTA-FOTOS-05-300x141.png 300w, https:\/\/movilizatorio.org\/wp-content\/uploads\/2024\/11\/PROPUESTA-FOTOS-05-768x362.png 768w, https:\/\/movilizatorio.org\/wp-content\/uploads\/2024\/11\/PROPUESTA-FOTOS-05-1536x724.png 1536w, https:\/\/movilizatorio.org\/wp-content\/uploads\/2024\/11\/PROPUESTA-FOTOS-05.png 1600w\" sizes=\"(max-width: 800px) 100vw, 800px\" \/>\t\t\t\t\t\t\t\t\t\t\t\t\t<\/div>\n\t\t\t\t<\/div>\n\t\t\t\t\t<\/div>\n\t\t\t\t<\/div>\n\t\t<div class=\"elementor-element elementor-element-557ba87 e-flex e-con-boxed e-con e-parent\" data-id=\"557ba87\" data-element_type=\"container\">\n\t\t\t\t\t<div class=\"e-con-inner\">\n\t\t\t\t<div class=\"elementor-element elementor-element-2087655 elementor-widget elementor-widget-text-editor\" data-id=\"2087655\" data-element_type=\"widget\" data-widget_type=\"text-editor.default\">\n\t\t\t\t<div class=\"elementor-widget-container\">\n\t\t\t\t\t\t\t<p>Thirteen&nbsp;<em>Creators of<\/em> TikTok <em>Tomorrow<\/em>&nbsp;were selected to attend COP16 where they participated in a panel at Casa Pa&#8217; Voz organized by the United Nations Environment Programme, Makesense and TikTok. They also attended parliamentary discussions and interviews with diplomats, international delegates and ministers in the Blue Zone. The use of digital platforms to give digital visibility to environmental issues is indisputable.  <\/p>\n\t\t\t\t\t\t<\/div>\n\t\t\t\t<\/div>\n\t\t\t\t\t<\/div>\n\t\t\t\t<\/div>\n\t\t<div class=\"elementor-element elementor-element-fcb3951 e-flex e-con-boxed e-con e-parent\" data-id=\"fcb3951\" data-element_type=\"container\">\n\t\t\t\t\t<div class=\"e-con-inner\">\n\t\t\t\t<div class=\"elementor-element elementor-element-7ea8234 elementor-widget elementor-widget-image\" data-id=\"7ea8234\" data-element_type=\"widget\" data-widget_type=\"image.default\">\n\t\t\t\t<div class=\"elementor-widget-container\">\n\t\t\t\t\t\t\t\t\t\t\t\t\t<img loading=\"lazy\" decoding=\"async\" width=\"800\" height=\"377\" src=\"https:\/\/movilizatorio.org\/wp-content\/uploads\/2024\/11\/PROPUESTA-FOTOS-06-1024x483.png\" class=\"attachment-large size-large wp-image-8690\" alt=\"\" srcset=\"https:\/\/movilizatorio.org\/wp-content\/uploads\/2024\/11\/PROPUESTA-FOTOS-06-1024x483.png 1024w, https:\/\/movilizatorio.org\/wp-content\/uploads\/2024\/11\/PROPUESTA-FOTOS-06-300x141.png 300w, https:\/\/movilizatorio.org\/wp-content\/uploads\/2024\/11\/PROPUESTA-FOTOS-06-768x362.png 768w, https:\/\/movilizatorio.org\/wp-content\/uploads\/2024\/11\/PROPUESTA-FOTOS-06-1536x724.png 1536w, https:\/\/movilizatorio.org\/wp-content\/uploads\/2024\/11\/PROPUESTA-FOTOS-06.png 1600w\" sizes=\"(max-width: 800px) 100vw, 800px\" \/>\t\t\t\t\t\t\t\t\t\t\t\t\t<\/div>\n\t\t\t\t<\/div>\n\t\t\t\t\t<\/div>\n\t\t\t\t<\/div>\n\t\t<div class=\"elementor-element elementor-element-daee0a0 e-flex e-con-boxed e-con e-parent\" data-id=\"daee0a0\" data-element_type=\"container\">\n\t\t\t\t\t<div class=\"e-con-inner\">\n\t\t\t\t<div class=\"elementor-element elementor-element-41febde elementor-widget elementor-widget-text-editor\" data-id=\"41febde\" data-element_type=\"widget\" data-widget_type=\"text-editor.default\">\n\t\t\t\t<div class=\"elementor-widget-container\">\n\t\t\t\t\t\t\t<p>We intervened the street in Cali with the Inside Out Project, portraying more than 250 faces of people whose work is a daily struggle for socio-environmental justice.<\/p>\n\t\t\t\t\t\t<\/div>\n\t\t\t\t<\/div>\n\t\t\t\t\t<\/div>\n\t\t\t\t<\/div>\n\t\t<div class=\"elementor-element elementor-element-5a442f8 e-flex e-con-boxed e-con e-parent\" data-id=\"5a442f8\" data-element_type=\"container\">\n\t\t\t\t\t<div class=\"e-con-inner\">\n\t\t\t\t<div class=\"elementor-element elementor-element-0bcd0c2 elementor-widget elementor-widget-image\" data-id=\"0bcd0c2\" data-element_type=\"widget\" data-widget_type=\"image.default\">\n\t\t\t\t<div class=\"elementor-widget-container\">\n\t\t\t\t\t\t\t\t\t\t\t\t\t<img loading=\"lazy\" decoding=\"async\" width=\"800\" height=\"377\" src=\"https:\/\/movilizatorio.org\/wp-content\/uploads\/2024\/11\/PROPUESTA-FOTOS-07-1024x483.png\" class=\"attachment-large size-large wp-image-8692\" alt=\"\" srcset=\"https:\/\/movilizatorio.org\/wp-content\/uploads\/2024\/11\/PROPUESTA-FOTOS-07-1024x483.png 1024w, https:\/\/movilizatorio.org\/wp-content\/uploads\/2024\/11\/PROPUESTA-FOTOS-07-300x141.png 300w, https:\/\/movilizatorio.org\/wp-content\/uploads\/2024\/11\/PROPUESTA-FOTOS-07-768x362.png 768w, https:\/\/movilizatorio.org\/wp-content\/uploads\/2024\/11\/PROPUESTA-FOTOS-07-1536x724.png 1536w, https:\/\/movilizatorio.org\/wp-content\/uploads\/2024\/11\/PROPUESTA-FOTOS-07.png 1600w\" sizes=\"(max-width: 800px) 100vw, 800px\" \/>\t\t\t\t\t\t\t\t\t\t\t\t\t<\/div>\n\t\t\t\t<\/div>\n\t\t\t\t\t<\/div>\n\t\t\t\t<\/div>\n\t\t<div class=\"elementor-element elementor-element-9d1cb59 e-flex e-con-boxed e-con e-parent\" data-id=\"9d1cb59\" data-element_type=\"container\">\n\t\t\t\t\t<div class=\"e-con-inner\">\n\t\t\t\t<div class=\"elementor-element elementor-element-c4edb4a elementor-widget elementor-widget-text-editor\" data-id=\"c4edb4a\" data-element_type=\"widget\" data-widget_type=\"text-editor.default\">\n\t\t\t\t<div class=\"elementor-widget-container\">\n\t\t\t\t\t\t\t<p>We were on two panels in the Green Zone: &#8220;Defending the traditional knowledge of indigenous peoples and local communities in biodiversity protection&#8221;, with the Global Alliance of Territorial Communities, and &#8220;Safeguarding land rights and biodiversity for a just energy transition&#8221;, with 350.<\/p>\n\t\t\t\t\t\t<\/div>\n\t\t\t\t<\/div>\n\t\t\t\t\t<\/div>\n\t\t\t\t<\/div>\n\t\t<div class=\"elementor-element elementor-element-21899ef e-flex e-con-boxed e-con e-parent\" data-id=\"21899ef\" data-element_type=\"container\">\n\t\t\t\t\t<div class=\"e-con-inner\">\n\t\t\t\t<div class=\"elementor-element elementor-element-0ef125d elementor-widget elementor-widget-image\" data-id=\"0ef125d\" data-element_type=\"widget\" data-widget_type=\"image.default\">\n\t\t\t\t<div class=\"elementor-widget-container\">\n\t\t\t\t\t\t\t\t\t\t\t\t\t<img loading=\"lazy\" decoding=\"async\" width=\"800\" height=\"377\" src=\"https:\/\/movilizatorio.org\/wp-content\/uploads\/2024\/11\/PROPUESTA-FOTOS-08-1024x483.png\" class=\"attachment-large size-large wp-image-8694\" alt=\"\" srcset=\"https:\/\/movilizatorio.org\/wp-content\/uploads\/2024\/11\/PROPUESTA-FOTOS-08-1024x483.png 1024w, https:\/\/movilizatorio.org\/wp-content\/uploads\/2024\/11\/PROPUESTA-FOTOS-08-300x141.png 300w, https:\/\/movilizatorio.org\/wp-content\/uploads\/2024\/11\/PROPUESTA-FOTOS-08-768x362.png 768w, https:\/\/movilizatorio.org\/wp-content\/uploads\/2024\/11\/PROPUESTA-FOTOS-08-1536x724.png 1536w, https:\/\/movilizatorio.org\/wp-content\/uploads\/2024\/11\/PROPUESTA-FOTOS-08.png 1600w\" sizes=\"(max-width: 800px) 100vw, 800px\" \/>\t\t\t\t\t\t\t\t\t\t\t\t\t<\/div>\n\t\t\t\t<\/div>\n\t\t\t\t\t<\/div>\n\t\t\t\t<\/div>\n\t\t<div class=\"elementor-element elementor-element-26d0e01 e-flex e-con-boxed e-con e-parent\" data-id=\"26d0e01\" data-element_type=\"container\">\n\t\t\t\t\t<div class=\"e-con-inner\">\n\t\t\t\t<div class=\"elementor-element elementor-element-ba170b2 elementor-widget elementor-widget-text-editor\" data-id=\"ba170b2\" data-element_type=\"widget\" data-widget_type=\"text-editor.default\">\n\t\t\t\t<div class=\"elementor-widget-container\">\n\t\t\t\t\t\t\t<p>The indigenous communities of Cauca made an audiovisual presentation accompanied by a musical performance and a stand of entrepreneurship to raise awareness about the importance of preserving the living spaces of the territories of Jambal\u00f3 and Caloto. This activity was led by the Huellas youth collective. <\/p>\n\t\t\t\t\t\t<\/div>\n\t\t\t\t<\/div>\n\t\t\t\t\t<\/div>\n\t\t\t\t<\/div>\n\t\t<div class=\"elementor-element elementor-element-e7eb0cf e-flex e-con-boxed e-con e-parent\" data-id=\"e7eb0cf\" data-element_type=\"container\">\n\t\t\t\t\t<div class=\"e-con-inner\">\n\t\t\t\t<div class=\"elementor-element elementor-element-199d3e8 elementor-widget elementor-widget-image\" data-id=\"199d3e8\" data-element_type=\"widget\" data-widget_type=\"image.default\">\n\t\t\t\t<div class=\"elementor-widget-container\">\n\t\t\t\t\t\t\t\t\t\t\t\t\t<img loading=\"lazy\" decoding=\"async\" width=\"800\" height=\"404\" src=\"https:\/\/movilizatorio.org\/wp-content\/uploads\/2024\/11\/PROPUESTA-FOTOS-09-1024x517.png\" class=\"attachment-large size-large wp-image-8696\" alt=\"\" srcset=\"https:\/\/movilizatorio.org\/wp-content\/uploads\/2024\/11\/PROPUESTA-FOTOS-09-1024x517.png 1024w, https:\/\/movilizatorio.org\/wp-content\/uploads\/2024\/11\/PROPUESTA-FOTOS-09-300x151.png 300w, https:\/\/movilizatorio.org\/wp-content\/uploads\/2024\/11\/PROPUESTA-FOTOS-09-768x387.png 768w, https:\/\/movilizatorio.org\/wp-content\/uploads\/2024\/11\/PROPUESTA-FOTOS-09-1536x775.png 1536w, https:\/\/movilizatorio.org\/wp-content\/uploads\/2024\/11\/PROPUESTA-FOTOS-09-2048x1033.png 2048w\" sizes=\"(max-width: 800px) 100vw, 800px\" \/>\t\t\t\t\t\t\t\t\t\t\t\t\t<\/div>\n\t\t\t\t<\/div>\n\t\t\t\t\t<\/div>\n\t\t\t\t<\/div>\n\t\t<div class=\"elementor-element elementor-element-b9bb36f e-flex e-con-boxed e-con e-parent\" data-id=\"b9bb36f\" data-element_type=\"container\">\n\t\t\t\t\t<div class=\"e-con-inner\">\n\t\t\t\t<div class=\"elementor-element elementor-element-f6b999e elementor-widget elementor-widget-text-editor\" data-id=\"f6b999e\" data-element_type=\"widget\" data-widget_type=\"text-editor.default\">\n\t\t\t\t<div class=\"elementor-widget-container\">\n\t\t\t\t\t\t\t<p>The discussion <em>&#8220;Enhancing synergies between the climate and biodiversity agendas: from COP16 in Cali to COP30 in Bel\u00e9m&#8221;<\/em>, organized by Transforma, addressed the context of these negotiations and the link between climate change and biodiversity talks. It also highlighted the challenges and advances in these topics and explored the possibility of connecting these agendas with the third convention that will focus on desertification to promote a more integrated and effective approach to global environmental challenges. <\/p>\n\t\t\t\t\t\t<\/div>\n\t\t\t\t<\/div>\n\t\t\t\t\t<\/div>\n\t\t\t\t<\/div>\n\t\t<div class=\"elementor-element elementor-element-b663a5f e-flex e-con-boxed e-con e-parent\" data-id=\"b663a5f\" data-element_type=\"container\">\n\t\t\t\t\t<div class=\"e-con-inner\">\n\t\t\t\t<div class=\"elementor-element elementor-element-ab2c9fd elementor-widget elementor-widget-image\" data-id=\"ab2c9fd\" data-element_type=\"widget\" data-widget_type=\"image.default\">\n\t\t\t\t<div class=\"elementor-widget-container\">\n\t\t\t\t\t\t\t\t\t\t\t\t\t<img loading=\"lazy\" decoding=\"async\" width=\"800\" height=\"404\" src=\"https:\/\/movilizatorio.org\/wp-content\/uploads\/2024\/11\/PROPUESTA-FOTOS-10-1024x517.png\" class=\"attachment-large size-large wp-image-8698\" alt=\"\" srcset=\"https:\/\/movilizatorio.org\/wp-content\/uploads\/2024\/11\/PROPUESTA-FOTOS-10-1024x517.png 1024w, https:\/\/movilizatorio.org\/wp-content\/uploads\/2024\/11\/PROPUESTA-FOTOS-10-300x151.png 300w, https:\/\/movilizatorio.org\/wp-content\/uploads\/2024\/11\/PROPUESTA-FOTOS-10-768x387.png 768w, https:\/\/movilizatorio.org\/wp-content\/uploads\/2024\/11\/PROPUESTA-FOTOS-10-1536x775.png 1536w, https:\/\/movilizatorio.org\/wp-content\/uploads\/2024\/11\/PROPUESTA-FOTOS-10-2048x1033.png 2048w\" sizes=\"(max-width: 800px) 100vw, 800px\" \/>\t\t\t\t\t\t\t\t\t\t\t\t\t<\/div>\n\t\t\t\t<\/div>\n\t\t\t\t\t<\/div>\n\t\t\t\t<\/div>\n\t\t<div class=\"elementor-element elementor-element-1f023c4 e-flex e-con-boxed e-con e-parent\" data-id=\"1f023c4\" data-element_type=\"container\">\n\t\t\t\t\t<div class=\"e-con-inner\">\n\t\t\t\t<div class=\"elementor-element elementor-element-fbd2e7f elementor-widget elementor-widget-text-editor\" data-id=\"fbd2e7f\" data-element_type=\"widget\" data-widget_type=\"text-editor.default\">\n\t\t\t\t<div class=\"elementor-widget-container\">\n\t\t\t\t\t\t\t<p>Art took over Casa Pa&#8217; Voz to show how the care of biodiversity is intertwined with artistic expression, inviting reflection and action in defense of nature through art exhibitions such as <em>&#8220;Chagra: a crop of stories&#8221;<\/em>, an exhibition of the projects of the network of visual and community storytellers of Baud\u00f3 Agencia P\u00fablica, and <em>&#8220;Peace with Nature&#8221;, an<\/em> exhibition of environmental activism posters organized by the Alianza Potencia Energ\u00e9tica Latinoamericana (Latin American Energy Power Alliance). Many musical and dance expressions by local collectives and groups also passed through the house. <\/p>\n\t\t\t\t\t\t<\/div>\n\t\t\t\t<\/div>\n\t\t\t\t\t<\/div>\n\t\t\t\t<\/div>\n\t\t<div class=\"elementor-element elementor-element-0df5462 e-flex e-con-boxed e-con e-parent\" data-id=\"0df5462\" data-element_type=\"container\">\n\t\t\t\t\t<div class=\"e-con-inner\">\n\t\t\t\t<div class=\"elementor-element elementor-element-8ae221c elementor-widget elementor-widget-gallery\" data-id=\"8ae221c\" data-element_type=\"widget\" data-settings=\"{&quot;columns&quot;:3,&quot;lazyload&quot;:&quot;yes&quot;,&quot;gallery_layout&quot;:&quot;grid&quot;,&quot;columns_tablet&quot;:2,&quot;columns_mobile&quot;:1,&quot;gap&quot;:{&quot;unit&quot;:&quot;px&quot;,&quot;size&quot;:10,&quot;sizes&quot;:[]},&quot;gap_tablet&quot;:{&quot;unit&quot;:&quot;px&quot;,&quot;size&quot;:10,&quot;sizes&quot;:[]},&quot;gap_mobile&quot;:{&quot;unit&quot;:&quot;px&quot;,&quot;size&quot;:10,&quot;sizes&quot;:[]},&quot;link_to&quot;:&quot;file&quot;,&quot;aspect_ratio&quot;:&quot;3:2&quot;,&quot;overlay_background&quot;:&quot;yes&quot;,&quot;content_hover_animation&quot;:&quot;fade-in&quot;}\" data-widget_type=\"gallery.default\">\n\t\t\t\t<div class=\"elementor-widget-container\">\n\t\t\t\t\t<div class=\"elementor-gallery__container\">\n\t\t\t\t\t\t\t<a class=\"e-gallery-item elementor-gallery-item elementor-animated-content\" href=\"https:\/\/movilizatorio.org\/wp-content\/uploads\/2024\/11\/IMG_9878-scaled.jpg\" data-elementor-open-lightbox=\"yes\" data-elementor-lightbox-slideshow=\"8ae221c\" data-e-action-hash=\"#elementor-action%3Aaction%3Dlightbox%26settings%3DeyJpZCI6ODcwMCwidXJsIjoiaHR0cHM6XC9cL21vdmlsaXphdG9yaW8ub3JnXC93cC1jb250ZW50XC91cGxvYWRzXC8yMDI0XC8xMVwvSU1HXzk4Nzgtc2NhbGVkLmpwZyIsInNsaWRlc2hvdyI6IjhhZTIyMWMifQ%3D%3D\">\n\t\t\t\t\t<div class=\"e-gallery-image elementor-gallery-item__image\" data-thumbnail=\"https:\/\/movilizatorio.org\/wp-content\/uploads\/2024\/11\/IMG_9878-300x200.jpg\" data-width=\"300\" data-height=\"200\" aria-label=\"\" role=\"img\" ><\/div>\n\t\t\t\t\t\t\t\t\t\t\t<div class=\"elementor-gallery-item__overlay\"><\/div>\n\t\t\t\t\t\t\t\t\t\t\t\t\t\t<\/a>\n\t\t\t\t\t\t\t<a class=\"e-gallery-item elementor-gallery-item elementor-animated-content\" href=\"https:\/\/movilizatorio.org\/wp-content\/uploads\/2024\/11\/IMG_0001-1.jpg\" data-elementor-open-lightbox=\"yes\" data-elementor-lightbox-slideshow=\"8ae221c\" data-e-action-hash=\"#elementor-action%3Aaction%3Dlightbox%26settings%3DeyJpZCI6ODcwMiwidXJsIjoiaHR0cHM6XC9cL21vdmlsaXphdG9yaW8ub3JnXC93cC1jb250ZW50XC91cGxvYWRzXC8yMDI0XC8xMVwvSU1HXzAwMDEtMS5qcGciLCJzbGlkZXNob3ciOiI4YWUyMjFjIn0%3D\">\n\t\t\t\t\t<div class=\"e-gallery-image elementor-gallery-item__image\" data-thumbnail=\"https:\/\/movilizatorio.org\/wp-content\/uploads\/2024\/11\/IMG_0001-1.jpg\" data-width=\"1\" data-height=\"1\" aria-label=\"\" role=\"img\" ><\/div>\n\t\t\t\t\t\t\t\t\t\t\t<div class=\"elementor-gallery-item__overlay\"><\/div>\n\t\t\t\t\t\t\t\t\t\t\t\t\t\t<\/a>\n\t\t\t\t\t\t\t<a class=\"e-gallery-item elementor-gallery-item elementor-animated-content\" href=\"https:\/\/movilizatorio.org\/wp-content\/uploads\/2024\/11\/IMG_1014-3.jpg\" data-elementor-open-lightbox=\"yes\" data-elementor-lightbox-slideshow=\"8ae221c\" data-e-action-hash=\"#elementor-action%3Aaction%3Dlightbox%26settings%3DeyJpZCI6ODcwNCwidXJsIjoiaHR0cHM6XC9cL21vdmlsaXphdG9yaW8ub3JnXC93cC1jb250ZW50XC91cGxvYWRzXC8yMDI0XC8xMVwvSU1HXzEwMTQtMy5qcGciLCJzbGlkZXNob3ciOiI4YWUyMjFjIn0%3D\">\n\t\t\t\t\t<div class=\"e-gallery-image elementor-gallery-item__image\" data-thumbnail=\"https:\/\/movilizatorio.org\/wp-content\/uploads\/2024\/11\/IMG_1014-3-300x200.jpg\" data-width=\"300\" data-height=\"200\" aria-label=\"\" role=\"img\" ><\/div>\n\t\t\t\t\t\t\t\t\t\t\t<div class=\"elementor-gallery-item__overlay\"><\/div>\n\t\t\t\t\t\t\t\t\t\t\t\t\t\t<\/a>\n\t\t\t\t\t<\/div>\n\t\t\t<\/div>\n\t\t\t\t<\/div>\n\t\t\t\t\t<\/div>\n\t\t\t\t<\/div>\n\t\t<div class=\"elementor-element elementor-element-acc705a e-flex e-con-boxed e-con e-parent\" data-id=\"acc705a\" data-element_type=\"container\">\n\t\t\t\t\t<div class=\"e-con-inner\">\n\t\t\t\t<div class=\"elementor-element elementor-element-4a1c775 elementor-widget elementor-widget-image\" data-id=\"4a1c775\" data-element_type=\"widget\" data-widget_type=\"image.default\">\n\t\t\t\t<div class=\"elementor-widget-container\">\n\t\t\t\t\t\t\t\t\t\t\t\t\t<img loading=\"lazy\" decoding=\"async\" width=\"800\" height=\"202\" src=\"https:\/\/movilizatorio.org\/wp-content\/uploads\/2024\/11\/BANNERSFOOTER-05-1024x259.png\" class=\"attachment-large size-large wp-image-8709\" alt=\"\" srcset=\"https:\/\/movilizatorio.org\/wp-content\/uploads\/2024\/11\/BANNERSFOOTER-05-1024x259.png 1024w, https:\/\/movilizatorio.org\/wp-content\/uploads\/2024\/11\/BANNERSFOOTER-05-300x76.png 300w, https:\/\/movilizatorio.org\/wp-content\/uploads\/2024\/11\/BANNERSFOOTER-05-768x194.png 768w, https:\/\/movilizatorio.org\/wp-content\/uploads\/2024\/11\/BANNERSFOOTER-05-1536x389.png 1536w, https:\/\/movilizatorio.org\/wp-content\/uploads\/2024\/11\/BANNERSFOOTER-05.png 1600w\" sizes=\"(max-width: 800px) 100vw, 800px\" \/>\t\t\t\t\t\t\t\t\t\t\t\t\t<\/div>\n\t\t\t\t<\/div>\n\t\t\t\t\t<\/div>\n\t\t\t\t<\/div>\n\t\t<div class=\"elementor-element elementor-element-54b33b6 e-flex e-con-boxed e-con e-parent\" data-id=\"54b33b6\" data-element_type=\"container\">\n\t\t\t\t\t<div class=\"e-con-inner\">\n\t\t\t\t<div class=\"elementor-element elementor-element-0fb6302 elementor-widget elementor-widget-text-editor\" data-id=\"0fb6302\" data-element_type=\"widget\" data-widget_type=\"text-editor.default\">\n\t\t\t\t<div class=\"elementor-widget-container\">\n\t\t\t\t\t\t\t<p>The re-signification of the Hotel Men\u00e9ndez, an architectural landmark in Cali, was key to attracting hundreds of visitors. This emblematic space was transformed into a refuge where solidarity, collectivity and care were palpable in every corner. It fills us with satisfaction to know that the Hotel Men\u00e9ndez will host the Cali Book Fair, consolidating itself not only as a cultural meeting point, but also as an emblem of the city&#8217;s identity and heritage.  <\/p>\n\t\t\t\t\t\t<\/div>\n\t\t\t\t<\/div>\n\t\t\t\t\t<\/div>\n\t\t\t\t<\/div>\n\t\t<div class=\"elementor-element elementor-element-1398589 e-flex e-con-boxed e-con e-parent\" data-id=\"1398589\" data-element_type=\"container\">\n\t\t\t\t\t<div class=\"e-con-inner\">\n\t\t\t\t<div class=\"elementor-element elementor-element-5891488 elementor-widget elementor-widget-gallery\" data-id=\"5891488\" data-element_type=\"widget\" data-settings=\"{&quot;columns&quot;:3,&quot;lazyload&quot;:&quot;yes&quot;,&quot;gallery_layout&quot;:&quot;grid&quot;,&quot;columns_tablet&quot;:2,&quot;columns_mobile&quot;:1,&quot;gap&quot;:{&quot;unit&quot;:&quot;px&quot;,&quot;size&quot;:10,&quot;sizes&quot;:[]},&quot;gap_tablet&quot;:{&quot;unit&quot;:&quot;px&quot;,&quot;size&quot;:10,&quot;sizes&quot;:[]},&quot;gap_mobile&quot;:{&quot;unit&quot;:&quot;px&quot;,&quot;size&quot;:10,&quot;sizes&quot;:[]},&quot;link_to&quot;:&quot;file&quot;,&quot;aspect_ratio&quot;:&quot;3:2&quot;,&quot;overlay_background&quot;:&quot;yes&quot;,&quot;content_hover_animation&quot;:&quot;fade-in&quot;}\" data-widget_type=\"gallery.default\">\n\t\t\t\t<div class=\"elementor-widget-container\">\n\t\t\t\t\t<div class=\"elementor-gallery__container\">\n\t\t\t\t\t\t\t<a class=\"e-gallery-item elementor-gallery-item elementor-animated-content\" href=\"https:\/\/movilizatorio.org\/wp-content\/uploads\/2024\/11\/IMG_1803-2-scaled.jpg\" data-elementor-open-lightbox=\"yes\" data-elementor-lightbox-slideshow=\"5891488\" data-e-action-hash=\"#elementor-action%3Aaction%3Dlightbox%26settings%3DeyJpZCI6ODcxMSwidXJsIjoiaHR0cHM6XC9cL21vdmlsaXphdG9yaW8ub3JnXC93cC1jb250ZW50XC91cGxvYWRzXC8yMDI0XC8xMVwvSU1HXzE4MDMtMi1zY2FsZWQuanBnIiwic2xpZGVzaG93IjoiNTg5MTQ4OCJ9\">\n\t\t\t\t\t<div class=\"e-gallery-image elementor-gallery-item__image\" data-thumbnail=\"https:\/\/movilizatorio.org\/wp-content\/uploads\/2024\/11\/IMG_1803-2-300x200.jpg\" data-width=\"300\" data-height=\"200\" aria-label=\"\" role=\"img\" ><\/div>\n\t\t\t\t\t\t\t\t\t\t\t<div class=\"elementor-gallery-item__overlay\"><\/div>\n\t\t\t\t\t\t\t\t\t\t\t\t\t\t<\/a>\n\t\t\t\t\t\t\t<a class=\"e-gallery-item elementor-gallery-item elementor-animated-content\" href=\"https:\/\/movilizatorio.org\/wp-content\/uploads\/2024\/11\/IMG_9766-scaled.jpg\" data-elementor-open-lightbox=\"yes\" data-elementor-lightbox-slideshow=\"5891488\" data-e-action-hash=\"#elementor-action%3Aaction%3Dlightbox%26settings%3DeyJpZCI6ODcxNSwidXJsIjoiaHR0cHM6XC9cL21vdmlsaXphdG9yaW8ub3JnXC93cC1jb250ZW50XC91cGxvYWRzXC8yMDI0XC8xMVwvSU1HXzk3NjYtc2NhbGVkLmpwZyIsInNsaWRlc2hvdyI6IjU4OTE0ODgifQ%3D%3D\">\n\t\t\t\t\t<div class=\"e-gallery-image elementor-gallery-item__image\" data-thumbnail=\"https:\/\/movilizatorio.org\/wp-content\/uploads\/2024\/11\/IMG_9766-300x200.jpg\" data-width=\"300\" data-height=\"200\" aria-label=\"\" role=\"img\" ><\/div>\n\t\t\t\t\t\t\t\t\t\t\t<div class=\"elementor-gallery-item__overlay\"><\/div>\n\t\t\t\t\t\t\t\t\t\t\t\t\t\t<\/a>\n\t\t\t\t\t\t\t<a class=\"e-gallery-item elementor-gallery-item elementor-animated-content\" href=\"https:\/\/movilizatorio.org\/wp-content\/uploads\/2024\/11\/IMG_2132-1-scaled.jpg\" data-elementor-open-lightbox=\"yes\" data-elementor-lightbox-slideshow=\"5891488\" data-e-action-hash=\"#elementor-action%3Aaction%3Dlightbox%26settings%3DeyJpZCI6ODcxMywidXJsIjoiaHR0cHM6XC9cL21vdmlsaXphdG9yaW8ub3JnXC93cC1jb250ZW50XC91cGxvYWRzXC8yMDI0XC8xMVwvSU1HXzIxMzItMS1zY2FsZWQuanBnIiwic2xpZGVzaG93IjoiNTg5MTQ4OCJ9\">\n\t\t\t\t\t<div class=\"e-gallery-image elementor-gallery-item__image\" data-thumbnail=\"https:\/\/movilizatorio.org\/wp-content\/uploads\/2024\/11\/IMG_2132-1-300x225.jpg\" data-width=\"300\" data-height=\"225\" aria-label=\"\" role=\"img\" ><\/div>\n\t\t\t\t\t\t\t\t\t\t\t<div class=\"elementor-gallery-item__overlay\"><\/div>\n\t\t\t\t\t\t\t\t\t\t\t\t\t\t<\/a>\n\t\t\t\t\t<\/div>\n\t\t\t<\/div>\n\t\t\t\t<\/div>\n\t\t\t\t\t<\/div>\n\t\t\t\t<\/div>\n\t\t<div class=\"elementor-element elementor-element-fd20cc2 e-flex e-con-boxed e-con e-parent\" data-id=\"fd20cc2\" data-element_type=\"container\">\n\t\t\t\t\t<div class=\"e-con-inner\">\n\t\t\t\t<div class=\"elementor-element elementor-element-976fd13 elementor-widget elementor-widget-image\" data-id=\"976fd13\" data-element_type=\"widget\" data-widget_type=\"image.default\">\n\t\t\t\t<div class=\"elementor-widget-container\">\n\t\t\t\t\t\t\t\t\t\t\t\t\t<img loading=\"lazy\" decoding=\"async\" width=\"800\" height=\"108\" src=\"https:\/\/movilizatorio.org\/wp-content\/uploads\/2024\/11\/BANNERSFOOTER-06-1024x138.png\" class=\"attachment-large size-large wp-image-8719\" alt=\"\" srcset=\"https:\/\/movilizatorio.org\/wp-content\/uploads\/2024\/11\/BANNERSFOOTER-06-1024x138.png 1024w, https:\/\/movilizatorio.org\/wp-content\/uploads\/2024\/11\/BANNERSFOOTER-06-300x40.png 300w, https:\/\/movilizatorio.org\/wp-content\/uploads\/2024\/11\/BANNERSFOOTER-06-768x103.png 768w, https:\/\/movilizatorio.org\/wp-content\/uploads\/2024\/11\/BANNERSFOOTER-06-1536x206.png 1536w, https:\/\/movilizatorio.org\/wp-content\/uploads\/2024\/11\/BANNERSFOOTER-06.png 1600w\" sizes=\"(max-width: 800px) 100vw, 800px\" \/>\t\t\t\t\t\t\t\t\t\t\t\t\t<\/div>\n\t\t\t\t<\/div>\n\t\t\t\t\t<\/div>\n\t\t\t\t<\/div>\n\t\t<div class=\"elementor-element elementor-element-ce88ecb e-flex e-con-boxed e-con e-parent\" data-id=\"ce88ecb\" data-element_type=\"container\">\n\t\t\t\t\t<div class=\"e-con-inner\">\n\t\t\t\t<div class=\"elementor-element elementor-element-4230dfc elementor-widget elementor-widget-text-editor\" data-id=\"4230dfc\" data-element_type=\"widget\" data-widget_type=\"text-editor.default\">\n\t\t\t\t<div class=\"elementor-widget-container\">\n\t\t\t\t\t\t\t<\/p>\n<p>Our participation extended beyond Casa Pa&#8217; Voz, as we had an active presence in various advocacy scenarios:<\/p>\n<ul class=\"wp-block-list\">\n<li style=\"list-style-type: none;\"> <\/li>\n<\/ul>\n<ul class=\"wp-block-list\">\n<li style=\"list-style-type: none;\">\n<ul class=\"wp-block-list\">\n<li>Cali City Council. We participated in the construction and approval of the draft agreement for the energy transition of this city. This positions Cali as the first municipality in the country with specific guidelines to promote clean energy and sets a precedent for other cities in Colombia.  <\/li>\n<\/ul>\n<\/li>\n<\/ul>\n<ul class=\"wp-block-list\">\n<li style=\"list-style-type: none;\">\n<ul class=\"wp-block-list\">\n<li>From El Avispero, in partnership with the Extituto, we held the event <em>Congreso a la Calle<\/em>, in which we invited congressmen to sit down with citizens to talk about the climate bills they will present. From this meeting, citizens had the opportunity to comment and participate in the co-construction of public policies. <\/li>\n<\/ul>\n<\/li>\n<\/ul>\n<ul class=\"wp-block-list\">\n<li style=\"list-style-type: none;\">\n<ul class=\"wp-block-list\">\n<li>COPversatory. We were able to convene more than 50 national personalities to discuss the importance of sustainable mobility for the conservation of urban biodiversity. Among the attendees were different secretaries of mobility, the manager of the Medellin metro, representatives of academia and cycling groups.  <\/li>\n<\/ul>\n<\/li>\n<\/ul>\n<ul class=\"wp-block-list\">\n<li style=\"list-style-type: none;\">\n<ul class=\"wp-block-list\">\n<li>In the Youth Lab with young people from CAF, Life of Pachamama, ACDI\/ VOCA and Clima Lab projects, we put on the table questions and demands about the right to life of socio-environmental leaders.<\/li>\n<\/ul>\n<\/li>\n<\/ul>\n<ul class=\"wp-block-list\">\n<li style=\"list-style-type: none;\">\n<ul class=\"wp-block-list\">\n<li>We participated in the panel on the &#8220;Dialogue of knowledge from the school: comprehensive training for the protection of nature&#8221;, whose objective was to make visible the role of education in the formation of citizens committed to the environment, to recognize the dialogue of diverse knowledge to conserve biodiversity, and to promote an educational policy that transforms the relationship between human beings and nature.  <\/li>\n<\/ul>\n<\/li>\n<\/ul>\n<ul class=\"wp-block-list\">\n<li style=\"list-style-type: none;\">\n<ul class=\"wp-block-list\">\n<li>Indigenous and local communities, with the support of Guardians of Tomorrow, achieved the creation of a permanent space in the Convention on Biological Diversity, including the Article 8J Subsidiary Body, recognizing their key role in the protection of ecosystems.<\/li>\n<\/ul>\n<\/li>\n<\/ul>\n<ul class=\"wp-block-list\">\n<li style=\"list-style-type: none;\">\n<ul class=\"wp-block-list\">\n<li>We spoke on the panel &#8220;The role of art and culture in the fight against climate change&#8221; where we shared experiences on how we have used these elements as catalysts for collective action.<\/li>\n<\/ul>\n<\/li>\n<\/ul>\n<ul class=\"wp-block-list\">\n<li style=\"list-style-type: none;\">\n<ul class=\"wp-block-list\">\n<li>The Chileans of Artyc Studio, members of the Energy Power Alliance, made a summary of the COP16 in the Matinal de la Naturaleza with their puppets.  <span style=\"color: #0000ff;\"><a style=\"color: #0000ff;\" href=\"https:\/\/youtu.be\/lITbtgvAf6k\" target=\"_blank\" rel=\"noreferrer noopener\">Find out here!<\/a> <\/span><\/li>\n<\/ul>\n<\/li>\n<\/ul>\n<ul class=\"wp-block-list\">\n<li style=\"list-style-type: none;\">\n<ul class=\"wp-block-list\">\n<li>In Conversando con Voz, with Cathy Juvinao, various youth organizations presented their agendas and concerns on issues such as road safety, decarbonization, gender approach in sustainable mobility, decent work for youth and achievement of the differential rate for students in Cali. The objective is to have an impact in the legislative arena hand in hand with the congresswoman.   <\/li>\n<\/ul>\n<\/li>\n<\/ul>\n<ul class=\"wp-block-list\">\n<li style=\"list-style-type: none;\">\n<ul class=\"wp-block-list\">\n<li>The Energy Power Alliance launched a successful digital campaign that collected more than 15,000 signatures in support of a letter addressed to Presidents Gustavo Petro and Lula Da Silva. This initiative made an urgent call to: \n<ul class=\"wp-block-list\">\n<li style=\"list-style-type: none;\"> <\/li>\n<\/ul>\n<ul class=\"wp-block-list\">\n<li style=\"list-style-type: none;\">\n<ul class=\"wp-block-list\">\n<li>Halt deforestation and environmental degradation.<\/li>\n<\/ul>\n<\/li>\n<\/ul>\n<ul class=\"wp-block-list\">\n<li style=\"list-style-type: none;\">\n<ul class=\"wp-block-list\">\n<li>Reduce dependence on fossil fuels, moving towards a future based on renewable energies.<\/li>\n<\/ul>\n<\/li>\n<\/ul>\n<ul class=\"wp-block-list\">\n<li style=\"list-style-type: none;\">\n<ul class=\"wp-block-list\">\n<li>Restore ecosystems with full respect for the rights of indigenous peoples and local communities.<\/li>\n<\/ul>\n<\/li>\n<\/ul>\n<\/li>\n<\/ul>\n<\/li>\n<\/ul>\n<p class=\"has-text-align-center\" style=\"text-align: center;\"><span style=\"color: #0000ff;\"><a style=\"color: #0000ff;\" href=\"https:\/\/www.instagram.com\/p\/DBwnGXuRLKH\/?img_index=1\" target=\"_blank\" rel=\"noreferrer noopener\">[Resumen aqu\u00ed]<\/a><\/span><\/p>\n\t\t\t\t\t\t<\/div>\n\t\t\t\t<\/div>\n\t\t\t\t\t<\/div>\n\t\t\t\t<\/div>\n\t\t<div class=\"elementor-element elementor-element-7f7e23e e-flex e-con-boxed e-con e-parent\" data-id=\"7f7e23e\" data-element_type=\"container\">\n\t\t\t\t\t<div class=\"e-con-inner\">\n\t\t\t\t<div class=\"elementor-element elementor-element-2819c02 elementor-widget elementor-widget-image\" data-id=\"2819c02\" data-element_type=\"widget\" data-widget_type=\"image.default\">\n\t\t\t\t<div class=\"elementor-widget-container\">\n\t\t\t\t\t\t\t\t\t\t\t\t\t<img loading=\"lazy\" decoding=\"async\" width=\"800\" height=\"110\" src=\"https:\/\/movilizatorio.org\/wp-content\/uploads\/2024\/11\/BANNERSFOOTER-07-2-1024x141.png\" class=\"attachment-large size-large wp-image-8721\" alt=\"\" srcset=\"https:\/\/movilizatorio.org\/wp-content\/uploads\/2024\/11\/BANNERSFOOTER-07-2-1024x141.png 1024w, https:\/\/movilizatorio.org\/wp-content\/uploads\/2024\/11\/BANNERSFOOTER-07-2-300x41.png 300w, https:\/\/movilizatorio.org\/wp-content\/uploads\/2024\/11\/BANNERSFOOTER-07-2-768x106.png 768w, https:\/\/movilizatorio.org\/wp-content\/uploads\/2024\/11\/BANNERSFOOTER-07-2-1536x212.png 1536w, https:\/\/movilizatorio.org\/wp-content\/uploads\/2024\/11\/BANNERSFOOTER-07-2.png 1600w\" sizes=\"(max-width: 800px) 100vw, 800px\" \/>\t\t\t\t\t\t\t\t\t\t\t\t\t<\/div>\n\t\t\t\t<\/div>\n\t\t\t\t\t<\/div>\n\t\t\t\t<\/div>\n\t\t<div class=\"elementor-element elementor-element-9200380 e-grid e-con-boxed e-con e-parent\" data-id=\"9200380\" data-element_type=\"container\">\n\t\t\t\t\t<div class=\"e-con-inner\">\n\t\t\t\t<div class=\"elementor-element elementor-element-b617b7a elementor-widget elementor-widget-text-editor\" data-id=\"b617b7a\" data-element_type=\"widget\" data-widget_type=\"text-editor.default\">\n\t\t\t\t<div class=\"elementor-widget-container\">\n\t\t\t\t\t\t\t<p><img loading=\"lazy\" decoding=\"async\" width=\"173\" height=\"19\" class=\"wp-image-8723 aligncenter\" src=\"https:\/\/movilizatorio.org\/wp-content\/uploads\/2024\/11\/Recurso-4.png\" alt=\"\"><\/p>\n<p style=\"text-align: center;\"><strong>COP16: Why is it important to work with people to care for biodiversity?<\/strong><\/p>\n\t\t\t\t\t\t<\/div>\n\t\t\t\t<\/div>\n\t\t\t\t<div class=\"elementor-element elementor-element-14d2891 elementor-widget elementor-widget-text-editor\" data-id=\"14d2891\" data-element_type=\"widget\" data-widget_type=\"text-editor.default\">\n\t\t\t\t<div class=\"elementor-widget-container\">\n\t\t\t\t\t\t\t<figure class=\"wp-block-image aligncenter size-full\"><img loading=\"lazy\" decoding=\"async\" width=\"173\" height=\"19\" class=\"wp-image-8723 aligncenter\" src=\"http:\/\/movilizatorio.org\/wp-content\/uploads\/2024\/11\/Recurso-4.png\" alt=\"\"><\/figure>\n<p class=\"has-text-align-center\" style=\"text-align: center;\"><strong>The Indigenous Women&#8217;s Network for the Defense of the Sea arrives at COP 16<\/strong><\/p>\n\t\t\t\t\t\t<\/div>\n\t\t\t\t<\/div>\n\t\t\t\t<div class=\"elementor-element elementor-element-275b170 elementor-widget elementor-widget-text-editor\" data-id=\"275b170\" data-element_type=\"widget\" data-widget_type=\"text-editor.default\">\n\t\t\t\t<div class=\"elementor-widget-container\">\n\t\t\t\t\t\t\t<div style=\"text-align: center;\"><img loading=\"lazy\" decoding=\"async\" width=\"163\" height=\"18\" class=\"wp-image-8725 aligncenter\" src=\"http:\/\/movilizatorio.org\/wp-content\/uploads\/2024\/11\/Recurso-1.png\" alt=\"\" srcset=\"https:\/\/movilizatorio.org\/wp-content\/uploads\/2024\/11\/Recurso-1.png 163w, https:\/\/movilizatorio.org\/wp-content\/uploads\/2024\/11\/Recurso-1-150x18.png 150w\" sizes=\"(max-width: 163px) 100vw, 163px\" \/><\/div>\n<div class=\"wp-block-column\">\n<p class=\"has-text-align-center\" style=\"text-align: center;\"><strong>Digital Platforms in the reduction of environmental contamination<\/strong><\/p>\n<\/div>\n\t\t\t\t\t\t<\/div>\n\t\t\t\t<\/div>\n\t\t\t\t<div class=\"elementor-element elementor-element-e7996cb elementor-align-center elementor-widget elementor-widget-button\" data-id=\"e7996cb\" data-element_type=\"widget\" data-widget_type=\"button.default\">\n\t\t\t\t<div class=\"elementor-widget-container\">\n\t\t\t\t\t\t\t<div class=\"elementor-button-wrapper\">\n\t\t\t\t\t<a class=\"elementor-button elementor-button-link elementor-size-sm elementor-animation-shrink\" href=\"https:\/\/cambiocolombia.com\/medio-ambiente\/entrevista-lina-torres-experta-movilizatorio-organizacion-cop16\">\n\t\t\t\t\t\t<span class=\"elementor-button-content-wrapper\">\n\t\t\t\t\t\t\t\t\t<span class=\"elementor-button-text\">READ IT HERE<\/span>\n\t\t\t\t\t<\/span>\n\t\t\t\t\t<\/a>\n\t\t\t\t<\/div>\n\t\t\t\t\t\t<\/div>\n\t\t\t\t<\/div>\n\t\t\t\t<div class=\"elementor-element elementor-element-d30d4ba elementor-align-center elementor-widget elementor-widget-button\" data-id=\"d30d4ba\" data-element_type=\"widget\" data-widget_type=\"button.default\">\n\t\t\t\t<div class=\"elementor-widget-container\">\n\t\t\t\t\t\t\t<div class=\"elementor-button-wrapper\">\n\t\t\t\t\t<a class=\"elementor-button elementor-button-link elementor-size-sm elementor-animation-shrink\" href=\"https:\/\/drive.google.com\/file\/d\/1bF-SCjnPct3MeQ1I6DjZpCiU-72R7Qwh\/view\">\n\t\t\t\t\t\t<span class=\"elementor-button-content-wrapper\">\n\t\t\t\t\t\t\t\t\t<span class=\"elementor-button-text\">LISTEN HERE<\/span>\n\t\t\t\t\t<\/span>\n\t\t\t\t\t<\/a>\n\t\t\t\t<\/div>\n\t\t\t\t\t\t<\/div>\n\t\t\t\t<\/div>\n\t\t\t\t<div class=\"elementor-element elementor-element-d3791cf elementor-align-center elementor-widget elementor-widget-button\" data-id=\"d3791cf\" data-element_type=\"widget\" data-widget_type=\"button.default\">\n\t\t\t\t<div class=\"elementor-widget-container\">\n\t\t\t\t\t\t\t<div class=\"elementor-button-wrapper\">\n\t\t\t\t\t<a class=\"elementor-button elementor-button-link elementor-size-sm elementor-animation-shrink\" href=\"https:\/\/drive.google.com\/file\/d\/1byhnKRRDxK0EarcU3A_vfsCwoV4a4fzI\/view\">\n\t\t\t\t\t\t<span class=\"elementor-button-content-wrapper\">\n\t\t\t\t\t\t\t\t\t<span class=\"elementor-button-text\">VIEW IT HERE<\/span>\n\t\t\t\t\t<\/span>\n\t\t\t\t\t<\/a>\n\t\t\t\t<\/div>\n\t\t\t\t\t\t<\/div>\n\t\t\t\t<\/div>\n\t\t\t\t\t<\/div>\n\t\t\t\t<\/div>\n\t\t<div class=\"elementor-element elementor-element-439193c e-grid e-con-boxed e-con e-parent\" data-id=\"439193c\" data-element_type=\"container\">\n\t\t\t\t\t<div class=\"e-con-inner\">\n\t\t\t\t<div class=\"elementor-element elementor-element-5bd2d0c elementor-widget elementor-widget-text-editor\" data-id=\"5bd2d0c\" data-element_type=\"widget\" data-widget_type=\"text-editor.default\">\n\t\t\t\t<div class=\"elementor-widget-container\">\n\t\t\t\t\t\t\t<figure class=\"wp-block-image aligncenter size-full\"><img loading=\"lazy\" decoding=\"async\" width=\"163\" height=\"18\" class=\"wp-image-8727 aligncenter\" src=\"https:\/\/movilizatorio.org\/wp-content\/uploads\/2024\/11\/Recurso-3.png\" alt=\"\" srcset=\"https:\/\/movilizatorio.org\/wp-content\/uploads\/2024\/11\/Recurso-3.png 163w, https:\/\/movilizatorio.org\/wp-content\/uploads\/2024\/11\/Recurso-3-150x18.png 150w\" sizes=\"(max-width: 163px) 100vw, 163px\" \/><\/figure>\n<p class=\"has-text-align-center\" style=\"text-align: center;\"><strong>Family that traveled through South America by bicycle arrived in Cali to experience the Borondo of COP16<\/strong><\/p>\n\t\t\t\t\t\t<\/div>\n\t\t\t\t<\/div>\n\t\t\t\t<div class=\"elementor-element elementor-element-4ad5bc6 elementor-widget elementor-widget-text-editor\" data-id=\"4ad5bc6\" data-element_type=\"widget\" data-widget_type=\"text-editor.default\">\n\t\t\t\t<div class=\"elementor-widget-container\">\n\t\t\t\t\t\t\t<div class=\"wp-block-column\">\n<p class=\"has-text-align-center\"><img loading=\"lazy\" decoding=\"async\" width=\"173\" height=\"19\" class=\"wp-image-8723 aligncenter\" src=\"http:\/\/movilizatorio.org\/wp-content\/uploads\/2024\/11\/Recurso-4.png\" alt=\"\"><\/p>\n<\/div>\n<div class=\"wp-block-column\">\n<p class=\"has-text-align-center\" style=\"text-align: center;\"><strong>Casa Pa&#8217; Voz: A space for culture<\/strong><\/p>\n<\/div>\n\t\t\t\t\t\t<\/div>\n\t\t\t\t<\/div>\n\t\t\t\t<div class=\"elementor-element elementor-element-df2a1d3 elementor-align-center elementor-widget elementor-widget-button\" data-id=\"df2a1d3\" data-element_type=\"widget\" data-widget_type=\"button.default\">\n\t\t\t\t<div class=\"elementor-widget-container\">\n\t\t\t\t\t\t\t<div class=\"elementor-button-wrapper\">\n\t\t\t\t\t<a class=\"elementor-button elementor-button-link elementor-size-sm elementor-animation-shrink\" href=\"https:\/\/www.noticiascaracol.com\/colombia\/familia-que-recorrio-suramerica-en-bicicleta-llego-a-cali-para-vivir-el-borondo-de-la-cop16-rg10\">\n\t\t\t\t\t\t<span class=\"elementor-button-content-wrapper\">\n\t\t\t\t\t\t\t\t\t<span class=\"elementor-button-text\">READ IT HERE<\/span>\n\t\t\t\t\t<\/span>\n\t\t\t\t\t<\/a>\n\t\t\t\t<\/div>\n\t\t\t\t\t\t<\/div>\n\t\t\t\t<\/div>\n\t\t\t\t<div class=\"elementor-element elementor-element-bfd5200 elementor-align-center elementor-widget elementor-widget-button\" data-id=\"bfd5200\" data-element_type=\"widget\" data-widget_type=\"button.default\">\n\t\t\t\t<div class=\"elementor-widget-container\">\n\t\t\t\t\t\t\t<div class=\"elementor-button-wrapper\">\n\t\t\t\t\t<a class=\"elementor-button elementor-button-link elementor-size-sm elementor-animation-shrink\" href=\"https:\/\/www.instagram.com\/movilizatorio\/reel\/DBhs8KxRJAK\/\">\n\t\t\t\t\t\t<span class=\"elementor-button-content-wrapper\">\n\t\t\t\t\t\t\t\t\t<span class=\"elementor-button-text\">VIEW IT HERE<\/span>\n\t\t\t\t\t<\/span>\n\t\t\t\t\t<\/a>\n\t\t\t\t<\/div>\n\t\t\t\t\t\t<\/div>\n\t\t\t\t<\/div>\n\t\t\t\t\t<\/div>\n\t\t\t\t<\/div>\n\t\t<div class=\"elementor-element elementor-element-1ca6b9c e-flex e-con-boxed e-con e-parent\" data-id=\"1ca6b9c\" data-element_type=\"container\">\n\t\t\t\t\t<div class=\"e-con-inner\">\n\t\t\t\t<div class=\"elementor-element elementor-element-7b731cd elementor-widget elementor-widget-text-editor\" data-id=\"7b731cd\" data-element_type=\"widget\" data-widget_type=\"text-editor.default\">\n\t\t\t\t<div class=\"elementor-widget-container\">\n\t\t\t\t\t\t\t<p>The success of the work carried out at COP16 was the result of the collaboration and synergy of the Movilizatorio team, both in Cali and Bogota. Beyond the strategic and operational aspects, this joint effort allowed us to position Casa Pa&#8217; Voz as a reference space in the Green Zone, dedicated to meeting, dialogue and exchange of knowledge.   <\/p>\n<p>In turn, all of our participating projects Guardianes del Ma\u00f1ana, A Seat at the Table, Incidir para Existir, M\u00e9tele Pedal, Alianza Potencia Energ\u00e9tica, El Avispero and Rumbo Verde achieved their objectives, empowering people through our two lines of action: advocacy and capacity building. This was achieved in dozens of spaces and scenarios throughout these two weeks of work. <\/p>\n<p>We are deeply grateful to all those who made this achievement possible and to those who continue to support our work in building a more just and sustainable future. Together we continue to move forward! <\/p>\n<p>Everything with people, nothing without them.<\/p>\n\t\t\t\t\t\t<\/div>\n\t\t\t\t<\/div>\n\t\t\t\t\t<\/div>\n\t\t\t\t<\/div>\n\t\t<div class=\"elementor-element elementor-element-1533c10 e-flex e-con-boxed e-con e-parent\" data-id=\"1533c10\" data-element_type=\"container\">\n\t\t\t\t\t<div class=\"e-con-inner\">\n\t\t\t\t<div class=\"elementor-element elementor-element-525f51e elementor-widget elementor-widget-image\" data-id=\"525f51e\" data-element_type=\"widget\" data-widget_type=\"image.default\">\n\t\t\t\t<div class=\"elementor-widget-container\">\n\t\t\t\t\t\t\t\t\t\t\t\t\t<img loading=\"lazy\" decoding=\"async\" width=\"800\" height=\"110\" src=\"https:\/\/movilizatorio.org\/wp-content\/uploads\/2024\/11\/BANNERSFOOTER-08-1024x141.png\" class=\"attachment-large size-large wp-image-8732\" alt=\"\" srcset=\"https:\/\/movilizatorio.org\/wp-content\/uploads\/2024\/11\/BANNERSFOOTER-08-1024x141.png 1024w, https:\/\/movilizatorio.org\/wp-content\/uploads\/2024\/11\/BANNERSFOOTER-08-300x41.png 300w, https:\/\/movilizatorio.org\/wp-content\/uploads\/2024\/11\/BANNERSFOOTER-08-768x106.png 768w, https:\/\/movilizatorio.org\/wp-content\/uploads\/2024\/11\/BANNERSFOOTER-08-1536x212.png 1536w, https:\/\/movilizatorio.org\/wp-content\/uploads\/2024\/11\/BANNERSFOOTER-08.png 1600w\" sizes=\"(max-width: 800px) 100vw, 800px\" \/>\t\t\t\t\t\t\t\t\t\t\t\t\t<\/div>\n\t\t\t\t<\/div>\n\t\t\t\t\t<\/div>\n\t\t\t\t<\/div>\n\t\t<div class=\"elementor-element elementor-element-f12637f e-grid e-con-boxed e-con e-parent\" data-id=\"f12637f\" data-element_type=\"container\">\n\t\t\t\t\t<div class=\"e-con-inner\">\n\t\t\t\t<div class=\"elementor-element elementor-element-6f50b0d elementor-widget elementor-widget-image\" data-id=\"6f50b0d\" data-element_type=\"widget\" data-widget_type=\"image.default\">\n\t\t\t\t<div class=\"elementor-widget-container\">\n\t\t\t\t\t\t\t\t\t\t\t\t\t\t<a href=\"https:\/\/www.instagram.com\/p\/DBnIFKSRR3P\/\">\n\t\t\t\t\t\t\t<img loading=\"lazy\" decoding=\"async\" width=\"382\" height=\"376\" src=\"https:\/\/movilizatorio.org\/wp-content\/uploads\/2024\/11\/Captura-de-pantalla-2024-11-13-104835.png\" class=\"attachment-large size-large wp-image-8743\" alt=\"\" srcset=\"https:\/\/movilizatorio.org\/wp-content\/uploads\/2024\/11\/Captura-de-pantalla-2024-11-13-104835.png 382w, https:\/\/movilizatorio.org\/wp-content\/uploads\/2024\/11\/Captura-de-pantalla-2024-11-13-104835-300x295.png 300w\" sizes=\"(max-width: 382px) 100vw, 382px\" \/>\t\t\t\t\t\t\t\t<\/a>\n\t\t\t\t\t\t\t\t\t\t\t\t\t<\/div>\n\t\t\t\t<\/div>\n\t\t\t\t<div class=\"elementor-element elementor-element-2b22b12 elementor-widget elementor-widget-image\" data-id=\"2b22b12\" data-element_type=\"widget\" data-widget_type=\"image.default\">\n\t\t\t\t<div class=\"elementor-widget-container\">\n\t\t\t\t\t\t\t\t\t\t\t\t\t\t<a href=\"https:\/\/www.instagram.com\/p\/DBeZzCdp0SU\/?img_index=1\">\n\t\t\t\t\t\t\t<img loading=\"lazy\" decoding=\"async\" width=\"800\" height=\"800\" src=\"https:\/\/movilizatorio.org\/wp-content\/uploads\/2024\/11\/Captura-de-pantalla-2024-11-13-105021.png\" class=\"attachment-large size-large wp-image-8745\" alt=\"\" srcset=\"https:\/\/movilizatorio.org\/wp-content\/uploads\/2024\/11\/Captura-de-pantalla-2024-11-13-105021.png 851w, https:\/\/movilizatorio.org\/wp-content\/uploads\/2024\/11\/Captura-de-pantalla-2024-11-13-105021-300x300.png 300w, https:\/\/movilizatorio.org\/wp-content\/uploads\/2024\/11\/Captura-de-pantalla-2024-11-13-105021-150x150.png 150w, https:\/\/movilizatorio.org\/wp-content\/uploads\/2024\/11\/Captura-de-pantalla-2024-11-13-105021-768x768.png 768w\" sizes=\"(max-width: 800px) 100vw, 800px\" \/>\t\t\t\t\t\t\t\t<\/a>\n\t\t\t\t\t\t\t\t\t\t\t\t\t<\/div>\n\t\t\t\t<\/div>\n\t\t\t\t<div class=\"elementor-element elementor-element-9c08594 elementor-widget elementor-widget-image\" data-id=\"9c08594\" data-element_type=\"widget\" data-widget_type=\"image.default\">\n\t\t\t\t<div class=\"elementor-widget-container\">\n\t\t\t\t\t\t\t\t\t\t\t\t\t\t<a href=\"https:\/\/www.instagram.com\/p\/DB1kKmOJkJh\/?img_index=1\">\n\t\t\t\t\t\t\t<img loading=\"lazy\" decoding=\"async\" width=\"800\" height=\"796\" src=\"https:\/\/movilizatorio.org\/wp-content\/uploads\/2024\/11\/Captura-de-pantalla-2024-11-18-172850.png\" class=\"attachment-large size-large wp-image-8749\" alt=\"\" srcset=\"https:\/\/movilizatorio.org\/wp-content\/uploads\/2024\/11\/Captura-de-pantalla-2024-11-18-172850.png 855w, https:\/\/movilizatorio.org\/wp-content\/uploads\/2024\/11\/Captura-de-pantalla-2024-11-18-172850-300x300.png 300w, https:\/\/movilizatorio.org\/wp-content\/uploads\/2024\/11\/Captura-de-pantalla-2024-11-18-172850-150x150.png 150w, https:\/\/movilizatorio.org\/wp-content\/uploads\/2024\/11\/Captura-de-pantalla-2024-11-18-172850-768x764.png 768w\" sizes=\"(max-width: 800px) 100vw, 800px\" \/>\t\t\t\t\t\t\t\t<\/a>\n\t\t\t\t\t\t\t\t\t\t\t\t\t<\/div>\n\t\t\t\t<\/div>\n\t\t\t\t<div class=\"elementor-element elementor-element-7bdef44 elementor-widget elementor-widget-image\" data-id=\"7bdef44\" data-element_type=\"widget\" data-widget_type=\"image.default\">\n\t\t\t\t<div class=\"elementor-widget-container\">\n\t\t\t\t\t\t\t\t\t\t\t\t\t\t<a href=\"https:\/\/www.instagram.com\/p\/DB2Hx_vp_oe\/?img_index=1\">\n\t\t\t\t\t\t\t<img loading=\"lazy\" decoding=\"async\" width=\"800\" height=\"799\" src=\"https:\/\/movilizatorio.org\/wp-content\/uploads\/2024\/11\/Captura-de-pantalla-2024-11-13-105246.png\" class=\"attachment-large size-large wp-image-8747\" alt=\"\" srcset=\"https:\/\/movilizatorio.org\/wp-content\/uploads\/2024\/11\/Captura-de-pantalla-2024-11-13-105246.png 848w, https:\/\/movilizatorio.org\/wp-content\/uploads\/2024\/11\/Captura-de-pantalla-2024-11-13-105246-300x300.png 300w, https:\/\/movilizatorio.org\/wp-content\/uploads\/2024\/11\/Captura-de-pantalla-2024-11-13-105246-150x150.png 150w, https:\/\/movilizatorio.org\/wp-content\/uploads\/2024\/11\/Captura-de-pantalla-2024-11-13-105246-768x767.png 768w\" sizes=\"(max-width: 800px) 100vw, 800px\" \/>\t\t\t\t\t\t\t\t<\/a>\n\t\t\t\t\t\t\t\t\t\t\t\t\t<\/div>\n\t\t\t\t<\/div>\n\t\t\t\t<div class=\"elementor-element elementor-element-5a5cf88 elementor-widget elementor-widget-image\" data-id=\"5a5cf88\" data-element_type=\"widget\" data-widget_type=\"image.default\">\n\t\t\t\t<div class=\"elementor-widget-container\">\n\t\t\t\t\t\t\t\t\t\t\t\t\t\t<a href=\"https:\/\/www.instagram.com\/p\/DBwuYqVSijf\/?img_index=1\">\n\t\t\t\t\t\t\t<img loading=\"lazy\" decoding=\"async\" width=\"800\" height=\"799\" src=\"https:\/\/movilizatorio.org\/wp-content\/uploads\/2024\/11\/Captura-de-pantalla-2024-11-18-173106.png\" class=\"attachment-large size-large wp-image-8751\" alt=\"\" srcset=\"https:\/\/movilizatorio.org\/wp-content\/uploads\/2024\/11\/Captura-de-pantalla-2024-11-18-173106.png 851w, https:\/\/movilizatorio.org\/wp-content\/uploads\/2024\/11\/Captura-de-pantalla-2024-11-18-173106-300x300.png 300w, https:\/\/movilizatorio.org\/wp-content\/uploads\/2024\/11\/Captura-de-pantalla-2024-11-18-173106-150x150.png 150w, https:\/\/movilizatorio.org\/wp-content\/uploads\/2024\/11\/Captura-de-pantalla-2024-11-18-173106-768x767.png 768w\" sizes=\"(max-width: 800px) 100vw, 800px\" \/>\t\t\t\t\t\t\t\t<\/a>\n\t\t\t\t\t\t\t\t\t\t\t\t\t<\/div>\n\t\t\t\t<\/div>\n\t\t\t\t<div class=\"elementor-element elementor-element-8047c69 elementor-widget elementor-widget-image\" data-id=\"8047c69\" data-element_type=\"widget\" data-widget_type=\"image.default\">\n\t\t\t\t<div class=\"elementor-widget-container\">\n\t\t\t\t\t\t\t\t\t\t\t\t\t\t<a href=\"https:\/\/www.instagram.com\/p\/DCJ5wK8vZ_w\/?img_index=1\">\n\t\t\t\t\t\t\t<img loading=\"lazy\" decoding=\"async\" width=\"800\" height=\"799\" src=\"https:\/\/movilizatorio.org\/wp-content\/uploads\/2024\/11\/Captura-de-pantalla-2024-11-18-173321.png\" class=\"attachment-large size-large wp-image-8753\" alt=\"\" srcset=\"https:\/\/movilizatorio.org\/wp-content\/uploads\/2024\/11\/Captura-de-pantalla-2024-11-18-173321.png 851w, https:\/\/movilizatorio.org\/wp-content\/uploads\/2024\/11\/Captura-de-pantalla-2024-11-18-173321-300x300.png 300w, https:\/\/movilizatorio.org\/wp-content\/uploads\/2024\/11\/Captura-de-pantalla-2024-11-18-173321-150x150.png 150w, https:\/\/movilizatorio.org\/wp-content\/uploads\/2024\/11\/Captura-de-pantalla-2024-11-18-173321-768x767.png 768w\" sizes=\"(max-width: 800px) 100vw, 800px\" \/>\t\t\t\t\t\t\t\t<\/a>\n\t\t\t\t\t\t\t\t\t\t\t\t\t<\/div>\n\t\t\t\t<\/div>\n\t\t\t\t\t<\/div>\n\t\t\t\t<\/div>\n\t\t<div class=\"elementor-element elementor-element-fc38a61 e-flex e-con-boxed e-con e-parent\" data-id=\"fc38a61\" data-element_type=\"container\">\n\t\t\t\t\t<div class=\"e-con-inner\">\n\t\t\t\t<div class=\"elementor-element elementor-element-497924c elementor-widget elementor-widget-image\" data-id=\"497924c\" data-element_type=\"widget\" data-widget_type=\"image.default\">\n\t\t\t\t<div class=\"elementor-widget-container\">\n\t\t\t\t\t\t\t\t\t\t\t\t\t<img loading=\"lazy\" decoding=\"async\" width=\"800\" height=\"592\" src=\"https:\/\/movilizatorio.org\/wp-content\/uploads\/2024\/11\/BANNERSFOOTER-09-1024x758.png\" class=\"attachment-large size-large wp-image-8663\" alt=\"\" srcset=\"https:\/\/movilizatorio.org\/wp-content\/uploads\/2024\/11\/BANNERSFOOTER-09-1024x758.png 1024w, https:\/\/movilizatorio.org\/wp-content\/uploads\/2024\/11\/BANNERSFOOTER-09-300x222.png 300w, https:\/\/movilizatorio.org\/wp-content\/uploads\/2024\/11\/BANNERSFOOTER-09-768x569.png 768w, https:\/\/movilizatorio.org\/wp-content\/uploads\/2024\/11\/BANNERSFOOTER-09-1536x1138.png 1536w, https:\/\/movilizatorio.org\/wp-content\/uploads\/2024\/11\/BANNERSFOOTER-09.png 1600w\" sizes=\"(max-width: 800px) 100vw, 800px\" \/>\t\t\t\t\t\t\t\t\t\t\t\t\t<\/div>\n\t\t\t\t<\/div>\n\t\t\t\t\t<\/div>\n\t\t\t\t<\/div>\n\t\t\t\t<\/div>\n\t\t","protected":false},"excerpt":{"rendered":"<p>We dreamed it and made it happen. Thanks to the financial support of the Energy Power Alliance of which the following are part Journalists for the Planet, Emerger, Transforma, Artyc y Movilizatorio, Casa Pa&#8217; Voz blossomed as a space where collective action and citizen power could became together to connect causes that promote socio-environmental justice [&hellip;]<\/p>\n","protected":false},"author":5,"featured_media":8890,"comment_status":"open","ping_status":"open","sticky":false,"template":"","format":"standard","meta":{"_acf_changed":false,"footnotes":""},"categories":[108,78],"tags":[114,113,112],"class_list":["post-8767","post","type-post","status-publish","format-standard","has-post-thumbnail","hentry","category-colombia-en","category-environment-and-climate-justice","tag-114","tag-casa-pa-voz","tag-cop16"],"acf":[],"aioseo_notices":[],"_links":{"self":[{"href":"https:\/\/movilizatorio.org\/en\/wp-json\/wp\/v2\/posts\/8767","targetHints":{"allow":["GET"]}}],"collection":[{"href":"https:\/\/movilizatorio.org\/en\/wp-json\/wp\/v2\/posts"}],"about":[{"href":"https:\/\/movilizatorio.org\/en\/wp-json\/wp\/v2\/types\/post"}],"author":[{"embeddable":true,"href":"https:\/\/movilizatorio.org\/en\/wp-json\/wp\/v2\/users\/5"}],"replies":[{"embeddable":true,"href":"https:\/\/movilizatorio.org\/en\/wp-json\/wp\/v2\/comments?post=8767"}],"version-history":[{"count":25,"href":"https:\/\/movilizatorio.org\/en\/wp-json\/wp\/v2\/posts\/8767\/revisions"}],"predecessor-version":[{"id":9596,"href":"https:\/\/movilizatorio.org\/en\/wp-json\/wp\/v2\/posts\/8767\/revisions\/9596"}],"wp:featuredmedia":[{"embeddable":true,"href":"https:\/\/movilizatorio.org\/en\/wp-json\/wp\/v2\/media\/8890"}],"wp:attachment":[{"href":"https:\/\/movilizatorio.org\/en\/wp-json\/wp\/v2\/media?parent=8767"}],"wp:term":[{"taxonomy":"category","embeddable":true,"href":"https:\/\/movilizatorio.org\/en\/wp-json\/wp\/v2\/categories?post=8767"},{"taxonomy":"post_tag","embeddable":true,"href":"https:\/\/movilizatorio.org\/en\/wp-json\/wp\/v2\/tags?post=8767"}],"curies":[{"name":"wp","href":"https:\/\/api.w.org\/{rel}","templated":true}]}}